{"id":1092,"date":"2022-03-05T09:30:12","date_gmt":"2022-03-05T08:30:12","guid":{"rendered":"https:\/\/ambulanz.kunststelle.de\/?p=1092"},"modified":"2022-03-05T09:31:44","modified_gmt":"2022-03-05T08:31:44","slug":"entfuehrte-illusion","status":"publish","type":"post","link":"http:\/\/ambulanz.kunststelle.de\/?p=1092","title":{"rendered":"Entf\u00fchrte Illusion"},"content":{"rendered":"\n<p>Ausschreibung und Ausstellung in der Gollan Kultur Werft, L\u00fcbeck, Oktober 2021<\/p>\n\n\n\n<figure class=\"wp-block-image size-full\"><img loading=\"lazy\" decoding=\"async\" width=\"1920\" height=\"2560\" src=\"https:\/\/ambulanz.kunststelle.de\/wp-content\/uploads\/IMG_20211015_194848-scaled.jpg\" alt=\"Entf\u00fchrte Illusion, 2021, Foto: J.Georg Brandt\" class=\"wp-image-1093\" srcset=\"http:\/\/ambulanz.kunststelle.de\/wp-content\/uploads\/IMG_20211015_194848-scaled.jpg 1920w, http:\/\/ambulanz.kunststelle.de\/wp-content\/uploads\/IMG_20211015_194848-225x300.jpg 225w, http:\/\/ambulanz.kunststelle.de\/wp-content\/uploads\/IMG_20211015_194848-768x1024.jpg 768w, http:\/\/ambulanz.kunststelle.de\/wp-content\/uploads\/IMG_20211015_194848-1152x1536.jpg 1152w, http:\/\/ambulanz.kunststelle.de\/wp-content\/uploads\/IMG_20211015_194848-1536x2048.jpg 1536w\" sizes=\"auto, (max-width: 1920px) 100vw, 1920px\" \/><figcaption>Entf\u00fchrte Illusion (Installationsansicht. Handlung \u201eEntf\u00fchrung\u201c, Klang, Lautsprecher, Kohle, Glasscheibe (ESG Sicherheitsglas), Mobilfunkkamera mit der M\u00f6glichkeit zur Aufnahme eines Fotos der entf\u00fchrten Schaufensterpuppe im \u201eEntf\u00fchrerversteck\u201c \u00fcber Smartphone (Code wird auf einem eigens gedruckten Infoblatt ver\u00f6ffentlicht; Bsp. s. Anhang).<br \/>Umrisszeichnung der stehenden Schaufensterpuppe mit Kohle auf Wand, daran gelehnt ein \u201eSchaufenster\u201c (Glas, s.o.), dahinter 2 Lautsprecher auf Boden mit Klangaufnahmen der Entf\u00fchrung der Schaufensterpuppe (Zweikanal \u2013 1 Mikrofon an Schaufensterpuppe [Schleifger\u00e4usche etc.], 1 Mikrofon Raumaufnahme [Zeugenstimmen]), Mobilfunknummer zur Aufnahme eines Fotos per Smartphone (SMS, s.o. per Code) der \u201eabwesenden\u201c Schaufensterpuppe.), 2021, Gollan Kultur Werft, L\u00fcbeck. Foto: J.Georg Brandt<\/figcaption><\/figure>\n\n\n\n<p><strong>Entf\u00fchrte Illusion | Kontext<\/strong><br \/>Schaufensterpuppen \u2013 Avatare idealisierter Imagination \u2013 haben derzeit gro\u00dfe Wirkung: Der Wunsch bleibt \u2013 nicht nur in Pandemiezeiten \u2013 im Schaufenster. Die Erf\u00fcllung bleibt \u2013<br \/>entt\u00e4uscht \u2013 Hoffnung.<br \/>Ver\u00e4nderte Imagination: Die an die Puppe herangetragenen W\u00fcnsche der Sichtbarkeit entschwinden. Der Klang der entf\u00fchrten Wunschproduktion erzeugt ein neues Narrativ.<\/p>\n\n\n\n<p><strong>Entf\u00fchrte Illusion | Ruhe der Wunschproduktion?<\/strong><br \/>Das klangliche Entschwinden ist \u00fcber zwei Lautsprecher hinter der Glasplatte h\u00f6rbar \u2013 je Lautsprecher eine andere Aufnahmeperspektive. Dahinter verbirgt sich der mit Kohle an der Wand nachgezeichnete Umriss der Schaufensterpuppe, der Tatort und auch Schaufenster anklingen l\u00e4sst. Es t\u00f6nen Ger\u00e4usche der Entf\u00fchrung, Zeugenstimmen, \u2026<br \/>Ruhe der Wunschproduktion?<\/p>\n\n\n\n<p><strong>Entf\u00fchrte Illusion | Das Instrument<\/strong><br \/>Die entschwundene Puppe befreit davon, Projektionsfl\u00e4che zu sein \u2013 ob f\u00fcr das idealisierte Selbst oder die hehre Kunst. Abwesend und \u2013 entzogen den Projektionen und Interpretationen \u2013 gleichwohl entanwesend ist sie Interpretationen ausgesetzt.<br \/>Entschwundene Uniformit\u00e4t als Schaufensterpuppe \u2013 und singul\u00e4r durch Voyerismus per SMS der Bildbegierde und Projektion wieder zug\u00e4nglich \u2026<br \/>Nicht auszuschlie\u00dfen, dass die Entf\u00fchrte an unterschiedlichen Orten festgehalten wird \u2013 oder ein Stockholmsyndrom entwickelt und Reisen unternimmt \u2026<\/p>\n\n\n\n<figure class=\"wp-block-image size-full is-resized\"><img decoding=\"async\" src=\"https:\/\/ambulanz.kunststelle.de\/wp-content\/uploads\/IMG0029A.jpg\" alt=\"\" class=\"wp-image-1094\" width=\"640\" srcset=\"http:\/\/ambulanz.kunststelle.de\/wp-content\/uploads\/IMG0029A.jpg 320w, http:\/\/ambulanz.kunststelle.de\/wp-content\/uploads\/IMG0029A-300x225.jpg 300w\" sizes=\"(max-width: 320px) 100vw, 320px\" \/><figcaption>Entf\u00fchrte Illusion &#8211; Aufnahme des \u00dcberwachungsmoduls aus dem Versteck der entf\u00fchrten Schaufensterpuppe.<\/figcaption><\/figure>\n","protected":false},"excerpt":{"rendered":"<p>Ausschreibung und Ausstellung in der Gollan Kultur Werft, L\u00fcbeck, Oktober 2021 Entf\u00fchrte Illusion | KontextSchaufensterpuppen \u2013 Avatare idealisierter Imagination \u2013 haben derzeit gro\u00dfe Wirkung: Der Wunsch bleibt \u2013 nicht nur in Pandemiezeiten \u2013 im Schaufenster. Die Erf\u00fcllung bleibt \u2013entt\u00e4uscht \u2013 Hoffnung.Ver\u00e4nderte Imagination: Die an die Puppe herangetragenen W\u00fcnsche der Sichtbarkeit entschwinden. Der Klang der entf\u00fchrten&#8230;<\/p>\n","protected":false},"author":1,"featured_media":0,"comment_status":"closed","ping_status":"closed","sticky":false,"template":"","format":"standard","meta":{"footnotes":""},"categories":[34,15,47,37,8,48,31,58,33],"tags":[50,44,11,49],"class_list":["post-1092","post","type-post","status-publish","format-standard","hentry","category-actor-network-theory-latour","category-atmosphere","category-dritter-raum","category-infrastruktur","category-oeffentlichlichkeit","category-offentliche-angelegenheiten","category-sperrgebiet","category-unverfuegbarkeit","category-zahlbar-machen-ranciere","tag-actor-network-theory-latour","tag-atmosphere","tag-hinterland","tag-zahlbar-machen-ranciere"],"_links":{"self":[{"href":"http:\/\/ambulanz.kunststelle.de\/index.php?rest_route=\/wp\/v2\/posts\/1092","targetHints":{"allow":["GET"]}}],"collection":[{"href":"http:\/\/ambulanz.kunststelle.de\/index.php?rest_route=\/wp\/v2\/posts"}],"about":[{"href":"http:\/\/ambulanz.kunststelle.de\/index.php?rest_route=\/wp\/v2\/types\/post"}],"author":[{"embeddable":true,"href":"http:\/\/ambulanz.kunststelle.de\/index.php?rest_route=\/wp\/v2\/users\/1"}],"replies":[{"embeddable":true,"href":"http:\/\/ambulanz.kunststelle.de\/index.php?rest_route=%2Fwp%2Fv2%2Fcomments&post=1092"}],"version-history":[{"count":1,"href":"http:\/\/ambulanz.kunststelle.de\/index.php?rest_route=\/wp\/v2\/posts\/1092\/revisions"}],"predecessor-version":[{"id":1095,"href":"http:\/\/ambulanz.kunststelle.de\/index.php?rest_route=\/wp\/v2\/posts\/1092\/revisions\/1095"}],"wp:attachment":[{"href":"http:\/\/ambulanz.kunststelle.de\/index.php?rest_route=%2Fwp%2Fv2%2Fmedia&parent=1092"}],"wp:term":[{"taxonomy":"category","embeddable":true,"href":"http:\/\/ambulanz.kunststelle.de\/index.php?rest_route=%2Fwp%2Fv2%2Fcategories&post=1092"},{"taxonomy":"post_tag","embeddable":true,"href":"http:\/\/ambulanz.kunststelle.de\/index.php?rest_route=%2Fwp%2Fv2%2Ftags&post=1092"}],"curies":[{"name":"wp","href":"https:\/\/api.w.org\/{rel}","templated":true}]}}