{"id":1098,"date":"2022-05-12T21:37:04","date_gmt":"2022-05-12T20:37:04","guid":{"rendered":"https:\/\/ambulanz.kunststelle.de\/?p=1098"},"modified":"2022-09-21T21:54:19","modified_gmt":"2022-09-21T20:54:19","slug":"abkunstfaelle-aus-den-augen-auf-den-schirm-kulturerbeanalyse","status":"publish","type":"post","link":"http:\/\/ambulanz.kunststelle.de\/?p=1098","title":{"rendered":"AbKunstf\u00e4lle | Aus den Augen. Auf den Schirm. | Kulturerbeanalyse"},"content":{"rendered":"\n<p>An den Abfall will man sich nicht erinnern: Aus den Augen, aus dem Sinn.<br \/>Der Abfall will erinnert werden: Aus den Augen. Auf den Schirm.<\/p>\n\n\n\n<p>Die \u201eRe-Pr\u00e4sentation\u201c des Abfalls im Sinne einer Wiedersichtbarmachung geschieht durch eine installierte Funkkamera, die das Wegwerfen des Abfalls in den Abfallbeh\u00e4lter und den still liegenden M\u00fcll im Abfallbeh\u00e4ltnis auf einen Bildschirm im Ausstellungsraum \u00fcber Funk \u00fcbertr\u00e4gt. Die \u00fcbertragenen Bilder haben dabei durch unvermeidliche Funkst\u00f6rungen selbst den Charakter von \u201eabgefallenen\u201c, wertlosen Bildern oder verblassten und verzerrten Erinnerungen.<\/p>\n\n\n\n<figure class=\"wp-block-image size-full\"><img loading=\"lazy\" decoding=\"async\" width=\"1350\" height=\"1080\" src=\"https:\/\/ambulanz.kunststelle.de\/wp-content\/uploads\/abkunstfaelle_abfallbehaelter_einwerfen_von_abfall_20220414_3_groesser_00.00.15.633.png\" alt=\"\" class=\"wp-image-1099\" srcset=\"http:\/\/ambulanz.kunststelle.de\/wp-content\/uploads\/abkunstfaelle_abfallbehaelter_einwerfen_von_abfall_20220414_3_groesser_00.00.15.633.png 1350w, http:\/\/ambulanz.kunststelle.de\/wp-content\/uploads\/abkunstfaelle_abfallbehaelter_einwerfen_von_abfall_20220414_3_groesser_00.00.15.633-300x240.png 300w, http:\/\/ambulanz.kunststelle.de\/wp-content\/uploads\/abkunstfaelle_abfallbehaelter_einwerfen_von_abfall_20220414_3_groesser_00.00.15.633-768x614.png 768w\" sizes=\"auto, (max-width: 1350px) 100vw, 1350px\" \/><figcaption>AbKunstf\u00e4lle | Aus den Augen. Auf den Schirm. | Kulturerbeanalyse (Videostill), Copyright J.Georg Brandt<\/figcaption><\/figure>\n\n\n\n<p>Auch am Abfall, dem Zur\u00fcckgelassenen, dem als Ballast und als wertlos Befundenen lassen sich R\u00fcckschl\u00fcsse auf eine Kultur und soziale Kontexte (hier Kunstszene) ziehen und u.U. unentdeckte Facetten erkennen. Der Abfall ist in gewisser Weise ein Kulturerbe, das aus der Erinnerung verbannt wird. Oft kommt dieses Erbe erst dann in den Sinn, wenn es nicht mehr zu verheimlichen ist, eine Gefahr darstellt (Atomm\u00fcll, giftige Zusammensetzungen auf M\u00fclldeponien etc.) oder in Gefahr ger\u00e4t (\u201eBlue Shield International\u201c). Das Blau des M\u00fcllsackes spielt an die h\u00e4ufig in Blau gehaltenen Hinweisschilder bei Kulturg\u00fctern wie Denkm\u00e4lern und das <a rel=\"noreferrer noopener\" href=\"https:\/\/theblueshield.org\/\" target=\"_blank\">\u201eBlue Shield International\u201c<\/a> an.<\/p>\n\n\n\n<p>Wahrscheinlich l\u00e4sst dies einige R\u00fcckschl\u00fcsse auch auf kulturelle, \u00f6konomische und symbolische Kapitale (Bourdieu) in diesem Ausstellungskontext zu, wenn man andere M\u00fclleimerinhalte in anderen Kontexten dazu vergleicht (das soziale Kapital wird in einem M\u00fclleimer wohl eher nicht sicht- bzw. analysierbar sein).<\/p>\n\n\n\n<p>In diesem Sinne ist die Installation eine Probe und ein Angebot, die eigene Kultur durch den Abfall zu betrachten und sich diese in Erinnerung zu rufen.<\/p>\n\n\n\n<figure class=\"wp-block-video\"><video height=\"1080\" style=\"aspect-ratio: 1920 \/ 1080;\" width=\"1920\" controls src=\"http:\/\/ambulanz.kunststelle.de\/wp-content\/uploads\/abkunstfaelle_2b.mp4\"><\/video><figcaption>Abkunstf\u00e4lle &#8211; Funkkamera\u00fcbertragung auf Monitor (Copyright J.Georg Brandt)<\/figcaption><\/figure>\n\n\n\n<p><\/p>\n\n\n\n<p><strong>Zeitdimensionen\/Sedimente\/Archiv<\/strong><br \/>Die Arbeit thematisiert mehrere Zeitregime oder -dimensionen:<\/p>\n\n\n\n<p>1: Da der Abfallbeh\u00e4lter in einem anderen Raum steht als das per Funkkamera produzierte Bild des Hineinwerfens des Abfalls auf einem Bildschirm, kann eine Person alleine die produzierten Bilder nicht sehen. Es ben\u00f6tigt die Koordination (und damit Kommunikation) mindestens zweier Personen.<\/p>\n\n\n\n<p>2: Die &#8222;Schichtung&#8220; des Abfalles, die sowohl im Abfallbeh\u00e4lter selbst, aber auch auf dem \u00fcbertragenen Bild auf dem Monitor zu sehen ist, ist eine Sedimentation kultur-konsumistischer Entwicklungen einer Ausstellung und gibt Aufschluss auf kulturelle Grammatiken in diesem sozialen und kulturellen Kontext, den man auch sozio-\u00f6konomisch interpretieren k\u00f6nnte &#8211; vor allem in einem Vergleich mit anderen Orten, an denen Abfall anf\u00e4llt (Bahnh\u00f6fe, Parks etc.).<\/p>\n\n\n\n<p>3: Die produzierten Abfallbilder k\u00f6nnen als Archiv gelesen werden, welches bisher wenig Aufmerksamkeit erh\u00e4lt &#8211; wenn auch mittlerweile Analysen von Abw\u00e4ssern erfolgen und interessante sozio-kulturell-\u00f6konomische Ergebnisse zutage gef\u00f6rdert werden (Studie: <a rel=\"noreferrer noopener\" href=\"https:\/\/www.pnas.org\/doi\/full\/10.1073\/pnas.1910242116\" target=\"_blank\">https:\/\/www.pnas.org\/doi\/full\/10.1073\/pnas.1910242116<\/a>, zusammengefasst hier: <a rel=\"noreferrer noopener\" href=\"https:\/\/www.heise.de\/tp\/features\/Aus-dem-Abwasser-lassen-sich-soziodemografische-Rueckschluesse-ziehen-4555404.html\" target=\"_blank\">https:\/\/www.heise.de\/tp\/features\/Aus-dem-Abwasser-lassen-sich-soziodemografische-Rueckschluesse-ziehen-4555404.html<\/a>).<\/p>\n\n\n\n<p><strong>AbKunstf\u00e4lle | Aus den Augen. Auf den Schirm. | Kulturerbeanalyse<\/strong><br \/>2022<br \/>Funkkamera, Bildschirm, Schild<br \/>Ma\u00dfe variabel<\/p>\n\n\n\n<p><a href=\"http:\/\/ambulanz.kunststelle.de\/wp-content\/uploads\/erinnerung_abkunstfall_gollan_kulturwerft_2022_version2.pdf\" target=\"_blank\" rel=\"noreferrer noopener\">Kontextblatt als PDF<\/a><\/p>\n\n\n\n<p><a href=\"http:\/\/ambulanz.kunststelle.de\/wp-content\/uploads\/ausstellung_erinnerung_einladungskarte.pdf\" target=\"_blank\" rel=\"noreferrer noopener\">Einladungskarte zur Ausstellung &#8222;Erinnerung&#8220; (PDF)<\/a><\/p>\n","protected":false},"excerpt":{"rendered":"<p>An den Abfall will man sich nicht erinnern: Aus den Augen, aus dem Sinn.Der Abfall will erinnert werden: Aus den Augen. Auf den Schirm. Die \u201eRe-Pr\u00e4sentation\u201c des Abfalls im Sinne einer Wiedersichtbarmachung geschieht durch eine installierte Funkkamera, die das Wegwerfen des Abfalls in den Abfallbeh\u00e4lter und den still liegenden M\u00fcll im Abfallbeh\u00e4ltnis auf einen Bildschirm&#8230;<\/p>\n","protected":false},"author":1,"featured_media":0,"comment_status":"closed","ping_status":"closed","sticky":false,"template":"","format":"standard","meta":{"footnotes":""},"categories":[34,1,47,4,38,37,39,32,59,8,48,45,3,33],"tags":[50,43,11,10,13,12,42,49],"class_list":["post-1098","post","type-post","status-publish","format-standard","hentry","category-actor-network-theory-latour","category-allgemein","category-dritter-raum","category-drittes-moment","category-inframince","category-infrastruktur","category-infrathin","category-kontamination","category-kontingenz","category-oeffentlichlichkeit","category-offentliche-angelegenheiten","category-offentliche-raume","category-third-space","category-zahlbar-machen-ranciere","tag-actor-network-theory-latour","tag-drittes-moment","tag-hinterland","tag-liquid-public","tag-offentliche-angelegenheiten","tag-offentliche-raume","tag-third-space","tag-zahlbar-machen-ranciere"],"_links":{"self":[{"href":"http:\/\/ambulanz.kunststelle.de\/index.php?rest_route=\/wp\/v2\/posts\/1098","targetHints":{"allow":["GET"]}}],"collection":[{"href":"http:\/\/ambulanz.kunststelle.de\/index.php?rest_route=\/wp\/v2\/posts"}],"about":[{"href":"http:\/\/ambulanz.kunststelle.de\/index.php?rest_route=\/wp\/v2\/types\/post"}],"author":[{"embeddable":true,"href":"http:\/\/ambulanz.kunststelle.de\/index.php?rest_route=\/wp\/v2\/users\/1"}],"replies":[{"embeddable":true,"href":"http:\/\/ambulanz.kunststelle.de\/index.php?rest_route=%2Fwp%2Fv2%2Fcomments&post=1098"}],"version-history":[{"count":6,"href":"http:\/\/ambulanz.kunststelle.de\/index.php?rest_route=\/wp\/v2\/posts\/1098\/revisions"}],"predecessor-version":[{"id":1150,"href":"http:\/\/ambulanz.kunststelle.de\/index.php?rest_route=\/wp\/v2\/posts\/1098\/revisions\/1150"}],"wp:attachment":[{"href":"http:\/\/ambulanz.kunststelle.de\/index.php?rest_route=%2Fwp%2Fv2%2Fmedia&parent=1098"}],"wp:term":[{"taxonomy":"category","embeddable":true,"href":"http:\/\/ambulanz.kunststelle.de\/index.php?rest_route=%2Fwp%2Fv2%2Fcategories&post=1098"},{"taxonomy":"post_tag","embeddable":true,"href":"http:\/\/ambulanz.kunststelle.de\/index.php?rest_route=%2Fwp%2Fv2%2Ftags&post=1098"}],"curies":[{"name":"wp","href":"https:\/\/api.w.org\/{rel}","templated":true}]}}