{"id":1158,"date":"2022-10-08T21:22:13","date_gmt":"2022-10-08T20:22:13","guid":{"rendered":"https:\/\/ambulanz.kunststelle.de\/?p=1158"},"modified":"2022-10-08T21:54:06","modified_gmt":"2022-10-08T20:54:06","slug":"verschollene-stimmen-st-magni-braunschweig","status":"publish","type":"post","link":"http:\/\/ambulanz.kunststelle.de\/?p=1158","title":{"rendered":"Verschollene Stimmen &#8211; St. Magni Braunschweig"},"content":{"rendered":"\n<p class=\"has-large-font-size\"><strong>Auf ein Erklingen mit Ihrer<br \/>Stimme<\/strong><\/p>\n\n\n\n<figure class=\"wp-block-image size-full\"><img loading=\"lazy\" decoding=\"async\" width=\"1234\" height=\"823\" src=\"https:\/\/ambulanz.kunststelle.de\/wp-content\/uploads\/DSC1565_bearb_web.jpg\" alt=\"\" class=\"wp-image-1159\" srcset=\"http:\/\/ambulanz.kunststelle.de\/wp-content\/uploads\/DSC1565_bearb_web.jpg 1234w, http:\/\/ambulanz.kunststelle.de\/wp-content\/uploads\/DSC1565_bearb_web-300x200.jpg 300w, http:\/\/ambulanz.kunststelle.de\/wp-content\/uploads\/DSC1565_bearb_web-768x512.jpg 768w\" sizes=\"auto, (max-width: 1234px) 100vw, 1234px\" \/><figcaption><em>Verschollene Stimmen &#8211; Auf ein Wort Ihrer Stimme, Installationsansicht (Foto: Copyright J.Georg Brandt)<\/em><\/figcaption><\/figure>\n\n\n\n<p><\/p>\n\n\n\n<p>Nachdem die Ausstellung <a href=\"https:\/\/www.kunsthausbbk.de\/art-to-believe-2021\/\" target=\"_blank\" rel=\"noreferrer noopener\">&#8222;art to believe&#8220;<\/a> mit der Installation &#8222;Verschollene Stimmen&#8220; in der Kirche St. Magni zu Ende gegangen ist, kam die Idee seitens der <a href=\"https:\/\/www.magni-kirche.de\/magni-kirche\/freiraum0\/\" target=\"_blank\" rel=\"noreferrer noopener\">St. Magni-Kirche<\/a> durch Herrn B\u00f6ger auf, ob diese Installation in einer etwas abgewandelten Form m\u00f6glich w\u00e4re.<\/p>\n\n\n\n<p>Nach einem weiteren Treffen und einem sehr konstruktiven und &#8211; wie ich meine &#8211; alle bereichernden Gespr\u00e4ch stand einer abgewandelten Installation nichts mehr im Weg, die im September 2022 dann erstellt wurde.<\/p>\n\n\n\n<p>F\u00fcr diesen au\u00dferordentlich reichen Austausch danke ich neben Herrn Pfarrer B\u00f6ger auch dem Kirchenvorstand der St. Magni-Kirche.<br \/>Das war und ist eine hoffnungsvolle Kooperation, in der Kunst und Gesellschaft sich inhaltlich auseinandersetzen und so neue (Denk-) R\u00e4ume er\u00f6ffnen.<\/p>\n\n\n\n<p>Dass solch eine Begegnung \u00fcberhaupt stattfinden konnte, war auch das Verdienst von <a href=\"https:\/\/www.youtube.com\/watch?v=q8H06fIk7CA\" target=\"_blank\" rel=\"noreferrer noopener\">Julia Taut (hier in einem Interview, das ihre Vision sehr gut verdeutlicht<\/a>) vom BBK Braunschweig, die diese anspruchsvolle Ausstellung &#8222;arttobelieve&#8220; \u00fcberhaupt erst m\u00f6glich machte durch die Konzeption, die Organisation, die Umsetzung und die unaufgeregte, sachliche, wertsch\u00e4tzende Begleitung in h\u00f6chster Professionalit\u00e4t. Danke auch an dieser Stelle!<\/p>\n\n\n\n<p><\/p>\n\n\n\n<figure class=\"wp-block-image size-full\"><img loading=\"lazy\" decoding=\"async\" width=\"823\" height=\"1234\" src=\"https:\/\/ambulanz.kunststelle.de\/wp-content\/uploads\/DSC1568_bearb_web.jpg\" alt=\"\" class=\"wp-image-1160\" srcset=\"http:\/\/ambulanz.kunststelle.de\/wp-content\/uploads\/DSC1568_bearb_web.jpg 823w, http:\/\/ambulanz.kunststelle.de\/wp-content\/uploads\/DSC1568_bearb_web-200x300.jpg 200w, http:\/\/ambulanz.kunststelle.de\/wp-content\/uploads\/DSC1568_bearb_web-768x1152.jpg 768w\" sizes=\"auto, (max-width: 823px) 100vw, 823px\" \/><\/figure>\n\n\n\n<p><em>Verschollene Stimmen &#8211; Auf ein Wort Ihrer Stimme, Installationsansicht Detail (Foto: Copyright J.Georg Brandt)<\/em><\/p>\n\n\n\n<p><\/p>\n\n\n\n<p><strong>Verschollene Stimmen | Auf ein Erklingen mit Ihrer Stimme | Kontext<\/strong><\/p>\n\n\n\n<p>Der \u201eRufer\u201c auf St. Magni von Bodo Kampmann bleibt stimmlos, zwei Glocken \u2013 die Schosselglocke, Gussjahr 1630, 58 kg, Ton fis\u2032\u2032 sowie die Schandelglocke, Gussjahr 1445, 23 kg, Ton fis\u2032\u2032 \u2013 sind nicht mehr zu h\u00f6ren.<\/p>\n\n\n\n<p>Verstummen ist der Ansatz der Arbeit und das Wiedererklingen der Umgebung, die zu oft unh\u00f6rbar und unbewusst vorhanden ist.<br \/>\u00c4hnlich geht es dem Klima, vielen leidenden Menschen in der Welt \u2013 auch derjenigen in der n\u00e4chsten Umwelt: Unh\u00f6rbar, unsichtbar macht es sich doch bemerkbar, wenn hingeschaut wird \u2013 und die eigene Stimme dazu beitr\u00e4gt.<\/p>\n\n\n\n<p><strong>Verschollene Stimmen | Auf ein Erklingen mit Ihrer Stimme | &#8222;Instrument&#8220;<\/strong><\/p>\n\n\n\n<p>Neben der Hochzeitst\u00fcr der St. Magni Kirche, unweit des Taufbeckens, ist ein Mikrofon auf dem aus den Tr\u00fcmmern der Kirche nach dem Zweiten Weltkrieg geretteten Tisch installiert, in das die Besucher:innen leise, wie ein Gebet, ein ihnen wichtiges Wort sprechen k\u00f6nnen \u2013 auch eines aus der ausliegenden historischen Bibel. Dabei wird ein Impuls an eine Mechanik gesendet, die die in unmittelbarer N\u00e4he befindliche Schandelglocke anschl\u00e4gt.<\/p>\n\n\n\n<p><br \/>Intimes gesprochenes Wort \u2013 Wortgebet \u2013 l\u00e4sst die Stimme der Glocke erklingen. Worte erzeugen eine Realit\u00e4t.<br \/>Es sind dies nicht \u201eStimmen\u201c des Zufalls \u2013 oder anders ausgedr\u00fcckt und interpretiert: Stimmen der Unverf\u00fcgbarkeit, wie in der <a href=\"https:\/\/ambulanz.kunststelle.de\/?p=1071\" target=\"_blank\" rel=\"noreferrer noopener\">urspr\u00fcnglichen Installation<\/a>, sondern bewusste, entschiedene \u201eWortmeldungen\u201c, die die Glocke ert\u00f6nen lassen und Wirksamkeit demonstrieren.<\/p>\n\n\n\n<p>Nicht nur die Unverf\u00fcgbarkeit nach Hartmut Rosa (Resonanz. Eine Soziologie der Weltbeziehung, 2016) sowie im Sinne der Actor- Network-Theory von Bruno Latour (Eine neue Soziologie f\u00fcr eine neue Gesellschaft, 2010) ist gekoppelt auch an Dinge, die eine Auswirkung auf gesellschaftliche Zusammenhalte haben. Sondern auch die bewusste Handlung des leise ins Mikrofon gesprochenen Wortes eigener Wahl.<\/p>\n\n\n\n<p>Verschollene Stimmen wie die des Rufers oder die der stummen Glocken zum bewussten Geh\u00f6rt-werden, ist Ansinnen der Installation.<\/p>\n\n\n\n<p><\/p>\n\n\n\n<div data-wp-interactive=\"core\/file\" class=\"wp-block-file\"><object data-wp-bind--hidden=\"!state.hasPdfPreview\" hidden class=\"wp-block-file__embed\" data=\"https:\/\/ambulanz.kunststelle.de\/wp-content\/uploads\/verschollene_stimmen_auf_ein_erklingen_st_magni_kontextblatt_web.pdf\" type=\"application\/pdf\" style=\"width:100%;height:600px\" aria-label=\"Einbettung von Einbettung von verschollene_stimmen_auf_ein_erklingen_st_magni_kontextblatt_web..\"><\/object><a id=\"wp-block-file--media-908c668f-e6e7-4def-b505-d5ea43001880\" href=\"https:\/\/ambulanz.kunststelle.de\/wp-content\/uploads\/verschollene_stimmen_auf_ein_erklingen_st_magni_kontextblatt_web.pdf\">verschollene_stimmen_auf_ein_erklingen_st_magni_kontextblatt_web<\/a><a href=\"https:\/\/ambulanz.kunststelle.de\/wp-content\/uploads\/verschollene_stimmen_auf_ein_erklingen_st_magni_kontextblatt_web.pdf\" class=\"wp-block-file__button\" download aria-describedby=\"wp-block-file--media-908c668f-e6e7-4def-b505-d5ea43001880\">Herunterladen<\/a><\/div>\n","protected":false},"excerpt":{"rendered":"<p>&#8222;Verschollene Stimmen &#8211; Auf ein Wort Ihrer Stimme&#8220; &#8211; Installtion in St. Magni, Braunschweig<\/p>\n","protected":false},"author":1,"featured_media":1160,"comment_status":"closed","ping_status":"closed","sticky":false,"template":"","format":"standard","meta":{"footnotes":""},"categories":[34,1,15,47,4],"tags":[50,44,43,10,13,12,42],"class_list":["post-1158","post","type-post","status-publish","format-standard","has-post-thumbnail","hentry","category-actor-network-theory-latour","category-allgemein","category-atmosphere","category-dritter-raum","category-drittes-moment","tag-actor-network-theory-latour","tag-atmosphere","tag-drittes-moment","tag-liquid-public","tag-offentliche-angelegenheiten","tag-offentliche-raume","tag-third-space"],"_links":{"self":[{"href":"http:\/\/ambulanz.kunststelle.de\/index.php?rest_route=\/wp\/v2\/posts\/1158","targetHints":{"allow":["GET"]}}],"collection":[{"href":"http:\/\/ambulanz.kunststelle.de\/index.php?rest_route=\/wp\/v2\/posts"}],"about":[{"href":"http:\/\/ambulanz.kunststelle.de\/index.php?rest_route=\/wp\/v2\/types\/post"}],"author":[{"embeddable":true,"href":"http:\/\/ambulanz.kunststelle.de\/index.php?rest_route=\/wp\/v2\/users\/1"}],"replies":[{"embeddable":true,"href":"http:\/\/ambulanz.kunststelle.de\/index.php?rest_route=%2Fwp%2Fv2%2Fcomments&post=1158"}],"version-history":[{"count":4,"href":"http:\/\/ambulanz.kunststelle.de\/index.php?rest_route=\/wp\/v2\/posts\/1158\/revisions"}],"predecessor-version":[{"id":1165,"href":"http:\/\/ambulanz.kunststelle.de\/index.php?rest_route=\/wp\/v2\/posts\/1158\/revisions\/1165"}],"wp:featuredmedia":[{"embeddable":true,"href":"http:\/\/ambulanz.kunststelle.de\/index.php?rest_route=\/wp\/v2\/media\/1160"}],"wp:attachment":[{"href":"http:\/\/ambulanz.kunststelle.de\/index.php?rest_route=%2Fwp%2Fv2%2Fmedia&parent=1158"}],"wp:term":[{"taxonomy":"category","embeddable":true,"href":"http:\/\/ambulanz.kunststelle.de\/index.php?rest_route=%2Fwp%2Fv2%2Fcategories&post=1158"},{"taxonomy":"post_tag","embeddable":true,"href":"http:\/\/ambulanz.kunststelle.de\/index.php?rest_route=%2Fwp%2Fv2%2Ftags&post=1158"}],"curies":[{"name":"wp","href":"https:\/\/api.w.org\/{rel}","templated":true}]}}