{"id":1168,"date":"2022-12-10T20:58:41","date_gmt":"2022-12-10T19:58:41","guid":{"rendered":"https:\/\/ambulanz.kunststelle.de\/?p=1168"},"modified":"2022-12-10T21:34:28","modified_gmt":"2022-12-10T20:34:28","slug":"dichte-falten-lagern-betten","status":"publish","type":"post","link":"http:\/\/ambulanz.kunststelle.de\/?p=1168","title":{"rendered":"dichte: falten. lagern. betten."},"content":{"rendered":"\n<figure class=\"wp-block-image size-large\"><img loading=\"lazy\" decoding=\"async\" width=\"4000\" height=\"3000\" src=\"https:\/\/ambulanz.kunststelle.de\/wp-content\/uploads\/dichte_falten_lagern_betten_doku_4_IMG_20221204_112750-4000x3000.jpg\" alt=\"\" class=\"wp-image-1175\" srcset=\"http:\/\/ambulanz.kunststelle.de\/wp-content\/uploads\/dichte_falten_lagern_betten_doku_4_IMG_20221204_112750-4000x3000.jpg 4000w, http:\/\/ambulanz.kunststelle.de\/wp-content\/uploads\/dichte_falten_lagern_betten_doku_4_IMG_20221204_112750-300x225.jpg 300w, http:\/\/ambulanz.kunststelle.de\/wp-content\/uploads\/dichte_falten_lagern_betten_doku_4_IMG_20221204_112750-768x576.jpg 768w, http:\/\/ambulanz.kunststelle.de\/wp-content\/uploads\/dichte_falten_lagern_betten_doku_4_IMG_20221204_112750-1536x1152.jpg 1536w, http:\/\/ambulanz.kunststelle.de\/wp-content\/uploads\/dichte_falten_lagern_betten_doku_4_IMG_20221204_112750-2048x1536.jpg 2048w\" sizes=\"auto, (max-width: 4000px) 100vw, 4000px\" \/><figcaption class=\"wp-element-caption\">dichte: falten. lagern. betten. \/ Installationsansicht in der Ausstellung &#8222;Nacht &#8211; Zwischen Traum und Wirklichkeit&#8220; des BBK L\u00fcneburg im Heinrich-Heine-Haus in L\u00fcneburg, Dezember 2022<\/figcaption><\/figure>\n\n\n\n<p><strong>dichte: <\/strong><strong>| <\/strong><strong>falten. lagern. betten.<\/strong><\/p>\n\n\n\n<p>Die Installation zeigt in einem verwackelten Video die Vorbereitung einer Decke f\u00fcr die Nachtruhe. Die Decke ist nur wenige Male sichtbar. Die Handlung der (Ent-) Faltung der Decke bleibt der Fantasie \u00fcberlassen.<\/p>\n\n\n\n<p>Ist die gefaltete &#8222;Bleidecke&#8220; im Raum die Decke aus dem Video? Fragen nach Geborgenheit und Erdr\u00fcckung, nach Verdichtung und K\u00e4lte, nach Utopie und Dystopie, nach Wandlung und Erstarrung k\u00f6nnten entstehen.<\/p>\n\n\n\n<p>Die durch Verwacklung wie gemalten Bilder wirken poetisch \u2013 und werden durch die Projektionsfl\u00e4che Blei und den sich ergebenden Konnotationen doch scharf kontrastiert.<\/p>\n\n\n\n<p><em>&#8222;Und der bleierne Schatten, der niederf\u00e4llt,<br \/>Lastet grabesschwer.<\/em><\/p>\n\n\n\n<p><em>[&#8230;]<\/em><\/p>\n\n\n\n<p><em>Es pocht eine Sehnsucht an die Welt,<br \/>An der wir sterben m\u00fcssen&#8220;<\/em><\/p>\n\n\n\n<p>(Else Lasker-Sch\u00fcler)<\/p>\n\n\n\n<figure class=\"wp-block-video\"><video height=\"3840\" style=\"aspect-ratio: 2160 \/ 3840;\" width=\"2160\" controls src=\"http:\/\/ambulanz.kunststelle.de\/wp-content\/uploads\/dichte_falten_lagern_betten_doku_video_2.mp4\"><\/video><figcaption class=\"wp-element-caption\">dichte: falten. lagern. betten. \/ Videoprojektion auf gefaltetes Blei &#8211; Ausstellung &#8222;Nacht &#8211; Zwischen Traum und Wirklichkeit&#8220; des BBK L\u00fcneburg im Heinrich-Heine-Haus in L\u00fcneburg, Dezember 2022<\/figcaption><\/figure>\n\n\n\n<p><\/p>\n\n\n\n<div data-wp-interactive=\"core\/file\" class=\"wp-block-file\"><object data-wp-bind--hidden=\"!state.hasPdfPreview\" hidden class=\"wp-block-file__embed\" data=\"https:\/\/ambulanz.kunststelle.de\/wp-content\/uploads\/nacht_zwischen_traum_und_wirklichkeit_einladungskarte_2022.pdf\" type=\"application\/pdf\" style=\"width:100%;height:600px\" aria-label=\"Einbettung von nacht_zwischen_traum_und_wirklichkeit_einladungskarte_2022.\"><\/object><a id=\"wp-block-file--media-f9745a8a-5b24-45a7-864a-7a7a8795fee3\" href=\"https:\/\/ambulanz.kunststelle.de\/wp-content\/uploads\/nacht_zwischen_traum_und_wirklichkeit_einladungskarte_2022.pdf\">nacht_zwischen_traum_und_wirklichkeit_einladungskarte_2022<\/a><a href=\"https:\/\/ambulanz.kunststelle.de\/wp-content\/uploads\/nacht_zwischen_traum_und_wirklichkeit_einladungskarte_2022.pdf\" class=\"wp-block-file__button wp-element-button\" download aria-describedby=\"wp-block-file--media-f9745a8a-5b24-45a7-864a-7a7a8795fee3\">Herunterladen<\/a><\/div>\n\n\n\n<p>Einladungskarte zur Ausstellung des BBK L\u00fcneburg im Heinrich-Heine-Haus, L\u00fcneburg, Dezember 2022<\/p>\n","protected":false},"excerpt":{"rendered":"<p>dichte: | falten. lagern. betten. Die Installation zeigt in einem verwackelten Video die Vorbereitung einer Decke f\u00fcr die Nachtruhe. Die Decke ist nur wenige Male sichtbar. Die Handlung der (Ent-) Faltung der Decke bleibt der Fantasie \u00fcberlassen. Ist die gefaltete &#8222;Bleidecke&#8220; im Raum die Decke aus dem Video? Fragen nach Geborgenheit und Erdr\u00fcckung, nach Verdichtung&#8230;<\/p>\n","protected":false},"author":1,"featured_media":1169,"comment_status":"closed","ping_status":"closed","sticky":false,"template":"","format":"standard","meta":{"footnotes":""},"categories":[15,38,37,39,59,8,5,58],"tags":[69,44,70,10],"class_list":["post-1168","post","type-post","status-publish","format-standard","has-post-thumbnail","hentry","category-atmosphere","category-inframince","category-infrastruktur","category-infrathin","category-kontingenz","category-oeffentlichlichkeit","category-transmersion","category-unverfuegbarkeit","tag-ambiguitaet","tag-atmosphere","tag-dazwischen","tag-liquid-public"],"_links":{"self":[{"href":"http:\/\/ambulanz.kunststelle.de\/index.php?rest_route=\/wp\/v2\/posts\/1168","targetHints":{"allow":["GET"]}}],"collection":[{"href":"http:\/\/ambulanz.kunststelle.de\/index.php?rest_route=\/wp\/v2\/posts"}],"about":[{"href":"http:\/\/ambulanz.kunststelle.de\/index.php?rest_route=\/wp\/v2\/types\/post"}],"author":[{"embeddable":true,"href":"http:\/\/ambulanz.kunststelle.de\/index.php?rest_route=\/wp\/v2\/users\/1"}],"replies":[{"embeddable":true,"href":"http:\/\/ambulanz.kunststelle.de\/index.php?rest_route=%2Fwp%2Fv2%2Fcomments&post=1168"}],"version-history":[{"count":2,"href":"http:\/\/ambulanz.kunststelle.de\/index.php?rest_route=\/wp\/v2\/posts\/1168\/revisions"}],"predecessor-version":[{"id":1176,"href":"http:\/\/ambulanz.kunststelle.de\/index.php?rest_route=\/wp\/v2\/posts\/1168\/revisions\/1176"}],"wp:featuredmedia":[{"embeddable":true,"href":"http:\/\/ambulanz.kunststelle.de\/index.php?rest_route=\/wp\/v2\/media\/1169"}],"wp:attachment":[{"href":"http:\/\/ambulanz.kunststelle.de\/index.php?rest_route=%2Fwp%2Fv2%2Fmedia&parent=1168"}],"wp:term":[{"taxonomy":"category","embeddable":true,"href":"http:\/\/ambulanz.kunststelle.de\/index.php?rest_route=%2Fwp%2Fv2%2Fcategories&post=1168"},{"taxonomy":"post_tag","embeddable":true,"href":"http:\/\/ambulanz.kunststelle.de\/index.php?rest_route=%2Fwp%2Fv2%2Ftags&post=1168"}],"curies":[{"name":"wp","href":"https:\/\/api.w.org\/{rel}","templated":true}]}}