{"id":1178,"date":"2023-01-24T22:17:13","date_gmt":"2023-01-24T21:17:13","guid":{"rendered":"https:\/\/ambulanz.kunststelle.de\/?p=1178"},"modified":"2023-01-24T22:20:46","modified_gmt":"2023-01-24T21:20:46","slug":"infrastrukturklang-und-bildraum","status":"publish","type":"post","link":"http:\/\/ambulanz.kunststelle.de\/?p=1178","title":{"rendered":"Infrastrukturklang- und -bildraum"},"content":{"rendered":"\n<p><strong>Das T\u00f6nen und Flimmern der Infrastruktur<\/strong><\/p>\n\n\n\n<figure class=\"wp-block-image size-large is-resized\"><img loading=\"lazy\" decoding=\"async\" src=\"https:\/\/ambulanz.kunststelle.de\/wp-content\/uploads\/IMG_20230121_182106-3000x4000.jpg\" alt=\"Installationsansicht &quot;Infrastrukturklang- und -bildraum - Das T\u00f6nen und Flimmern der Infrastruktur\" class=\"wp-image-1179\" width=\"750\" height=\"1000\" srcset=\"http:\/\/ambulanz.kunststelle.de\/wp-content\/uploads\/IMG_20230121_182106-3000x4000.jpg 3000w, http:\/\/ambulanz.kunststelle.de\/wp-content\/uploads\/IMG_20230121_182106-225x300.jpg 225w, http:\/\/ambulanz.kunststelle.de\/wp-content\/uploads\/IMG_20230121_182106-768x1024.jpg 768w, http:\/\/ambulanz.kunststelle.de\/wp-content\/uploads\/IMG_20230121_182106-1152x1536.jpg 1152w, http:\/\/ambulanz.kunststelle.de\/wp-content\/uploads\/IMG_20230121_182106-1536x2048.jpg 1536w, http:\/\/ambulanz.kunststelle.de\/wp-content\/uploads\/IMG_20230121_182106-scaled.jpg 1920w\" sizes=\"auto, (max-width: 750px) 100vw, 750px\" \/><figcaption class=\"wp-element-caption\">Installationsansicht &#8222;Infrastrukturklang- und -bildraum &#8211; Das T\u00f6nen und Flimmern der Infrastruktur.<br \/>Foto: Copyright J.Georg Brandt<\/figcaption><\/figure>\n\n\n\n<p>Die Infrastruktur des Ausstellungsraumes \u2013 in Form von Steckdosen, \u00fcberstrichenen Anschluss\u00f6ffnungen, Heizungen, L\u00fcsterklemmen, Kabeln, Archiven und Kaffeemaschinen usw. \u2013 ist Grundlage von Ausstellungen.<br \/>Diese eher unscheinbaren Ressourcen und diese \u201eunansehnliche\u201c Infrastruktur werden meist \u00fcbersehen und bleiben &#8222;still&#8220; \u2013 fallen aber auf, wenn sie fehlen.<\/p>\n\n\n\n<p>F\u00fcr die Installation \u201eInfrastrukturklangraum \u2013 Das T\u00f6nen der Infrastruktur\u201c wird die Infrastruktur h\u00f6r- und sichtbar gemacht: Jede Stromleitung, jedes mit Strom betriebene Ger\u00e4t erzeugt \u2013 wenn auch ohne \u201evermittelnde\u201c Medien unh\u00f6rbar f\u00fcr das menschliche Ohr \u2013 Ger\u00e4usche. Und auch der Klang des Bodens beim Dar\u00fcberstreifen mit dem Schuh, das T\u00f6nen der Stimmen im Raum und des Verkehrs au\u00dferhalb sind \u00fcber die Kopfh\u00f6rer seltsam anders wahrnehmbare Infrastrukturereignisse.<\/p>\n\n\n\n<p>In den Ausstellungsraum wird zudem ein Funkbild des Infrastrukturelements \u00fcbertragen, dessen &#8222;Stille&#8220; man manchmal h\u00f6ren kann \u2026<\/p>\n\n\n\n<figure class=\"wp-block-image size-large is-resized\"><img loading=\"lazy\" decoding=\"async\" src=\"https:\/\/ambulanz.kunststelle.de\/wp-content\/uploads\/IMG_20230121_182138-4000x3000.jpg\" alt=\"Installationsansicht &quot;Infrastrukturklang- und -bildraum - Das T\u00f6nen und Flimmern der Infrastruktur, Detail\" class=\"wp-image-1180\" width=\"1000\" height=\"750\" srcset=\"http:\/\/ambulanz.kunststelle.de\/wp-content\/uploads\/IMG_20230121_182138-4000x3000.jpg 4000w, http:\/\/ambulanz.kunststelle.de\/wp-content\/uploads\/IMG_20230121_182138-300x225.jpg 300w, http:\/\/ambulanz.kunststelle.de\/wp-content\/uploads\/IMG_20230121_182138-768x576.jpg 768w, http:\/\/ambulanz.kunststelle.de\/wp-content\/uploads\/IMG_20230121_182138-1536x1152.jpg 1536w, http:\/\/ambulanz.kunststelle.de\/wp-content\/uploads\/IMG_20230121_182138-2048x1536.jpg 2048w\" sizes=\"auto, (max-width: 1000px) 100vw, 1000px\" \/><figcaption class=\"wp-element-caption\">Installationsansicht &#8222;Infrastrukturklang- und -bildraum &#8211; Das T\u00f6nen und Flimmern der Infrastruktur, Detail. Foto: Copyright J.Georg Brandt<\/figcaption><\/figure>\n\n\n\n<figure class=\"wp-block-image size-large is-resized\"><img loading=\"lazy\" decoding=\"async\" src=\"https:\/\/ambulanz.kunststelle.de\/wp-content\/uploads\/IMG_20230121_182148-4000x3000.jpg\" alt=\"Installationsansicht &quot;Infrastrukturklang- und -bildraum - Das T\u00f6nen und Flimmern der Infrastruktur, Detail\" class=\"wp-image-1181\" width=\"1000\" height=\"750\" srcset=\"http:\/\/ambulanz.kunststelle.de\/wp-content\/uploads\/IMG_20230121_182148-4000x3000.jpg 4000w, http:\/\/ambulanz.kunststelle.de\/wp-content\/uploads\/IMG_20230121_182148-300x225.jpg 300w, http:\/\/ambulanz.kunststelle.de\/wp-content\/uploads\/IMG_20230121_182148-768x576.jpg 768w, http:\/\/ambulanz.kunststelle.de\/wp-content\/uploads\/IMG_20230121_182148-1536x1152.jpg 1536w, http:\/\/ambulanz.kunststelle.de\/wp-content\/uploads\/IMG_20230121_182148-2048x1536.jpg 2048w\" sizes=\"auto, (max-width: 1000px) 100vw, 1000px\" \/><figcaption class=\"wp-element-caption\">Installationsansicht &#8222;Infrastrukturklang- und -bildraum &#8211; Das T\u00f6nen und Flimmern der Infrastruktur, Detail.<br \/>Foto: Copyright J.Geeorg Brandt<\/figcaption><\/figure>\n\n\n\n<figure class=\"wp-block-image size-large is-resized\"><img loading=\"lazy\" decoding=\"async\" src=\"https:\/\/ambulanz.kunststelle.de\/wp-content\/uploads\/IMG_20230121_182340-3000x4000.jpg\" alt=\"Installationsansicht &quot;Infrastrukturklang- und -bildraum - Das T\u00f6nen und Flimmern der Infrastruktur, Detail\" class=\"wp-image-1182\" width=\"750\" height=\"1000\" srcset=\"http:\/\/ambulanz.kunststelle.de\/wp-content\/uploads\/IMG_20230121_182340-3000x4000.jpg 3000w, http:\/\/ambulanz.kunststelle.de\/wp-content\/uploads\/IMG_20230121_182340-225x300.jpg 225w, http:\/\/ambulanz.kunststelle.de\/wp-content\/uploads\/IMG_20230121_182340-768x1024.jpg 768w, http:\/\/ambulanz.kunststelle.de\/wp-content\/uploads\/IMG_20230121_182340-1152x1536.jpg 1152w, http:\/\/ambulanz.kunststelle.de\/wp-content\/uploads\/IMG_20230121_182340-1536x2048.jpg 1536w, http:\/\/ambulanz.kunststelle.de\/wp-content\/uploads\/IMG_20230121_182340-scaled.jpg 1920w\" sizes=\"auto, (max-width: 750px) 100vw, 750px\" \/><figcaption class=\"wp-element-caption\">Installationsansicht &#8222;Infrastrukturklang- und -bildraum &#8211; Das T\u00f6nen und Flimmern der Infrastruktur, Detail.<br \/>Foto: Copyright J.Georg Brandt<\/figcaption><\/figure>\n\n\n\n<p><a href=\"http:\/\/www.artler.net\">Ausstellung im Artler, L\u00fcbeck<\/a><\/p>\n","protected":false},"excerpt":{"rendered":"<p>Das T\u00f6nen und Flimmern der Infrastruktur Die Infrastruktur des Ausstellungsraumes \u2013 in Form von Steckdosen, \u00fcberstrichenen Anschluss\u00f6ffnungen, Heizungen, L\u00fcsterklemmen, Kabeln, Archiven und Kaffeemaschinen usw. \u2013 ist Grundlage von Ausstellungen.Diese eher unscheinbaren Ressourcen und diese \u201eunansehnliche\u201c Infrastruktur werden meist \u00fcbersehen und bleiben &#8222;still&#8220; \u2013 fallen aber auf, wenn sie fehlen. F\u00fcr die Installation \u201eInfrastrukturklangraum \u2013 Das&#8230;<\/p>\n","protected":false},"author":1,"featured_media":0,"comment_status":"closed","ping_status":"closed","sticky":false,"template":"","format":"standard","meta":{"footnotes":""},"categories":[34,15,47,4,38,37,39,59,8,48,45,3,58],"tags":[50,44,43,11,13],"class_list":["post-1178","post","type-post","status-publish","format-standard","hentry","category-actor-network-theory-latour","category-atmosphere","category-dritter-raum","category-drittes-moment","category-inframince","category-infrastruktur","category-infrathin","category-kontingenz","category-oeffentlichlichkeit","category-offentliche-angelegenheiten","category-offentliche-raume","category-third-space","category-unverfuegbarkeit","tag-actor-network-theory-latour","tag-atmosphere","tag-drittes-moment","tag-hinterland","tag-offentliche-angelegenheiten"],"_links":{"self":[{"href":"http:\/\/ambulanz.kunststelle.de\/index.php?rest_route=\/wp\/v2\/posts\/1178","targetHints":{"allow":["GET"]}}],"collection":[{"href":"http:\/\/ambulanz.kunststelle.de\/index.php?rest_route=\/wp\/v2\/posts"}],"about":[{"href":"http:\/\/ambulanz.kunststelle.de\/index.php?rest_route=\/wp\/v2\/types\/post"}],"author":[{"embeddable":true,"href":"http:\/\/ambulanz.kunststelle.de\/index.php?rest_route=\/wp\/v2\/users\/1"}],"replies":[{"embeddable":true,"href":"http:\/\/ambulanz.kunststelle.de\/index.php?rest_route=%2Fwp%2Fv2%2Fcomments&post=1178"}],"version-history":[{"count":1,"href":"http:\/\/ambulanz.kunststelle.de\/index.php?rest_route=\/wp\/v2\/posts\/1178\/revisions"}],"predecessor-version":[{"id":1183,"href":"http:\/\/ambulanz.kunststelle.de\/index.php?rest_route=\/wp\/v2\/posts\/1178\/revisions\/1183"}],"wp:attachment":[{"href":"http:\/\/ambulanz.kunststelle.de\/index.php?rest_route=%2Fwp%2Fv2%2Fmedia&parent=1178"}],"wp:term":[{"taxonomy":"category","embeddable":true,"href":"http:\/\/ambulanz.kunststelle.de\/index.php?rest_route=%2Fwp%2Fv2%2Fcategories&post=1178"},{"taxonomy":"post_tag","embeddable":true,"href":"http:\/\/ambulanz.kunststelle.de\/index.php?rest_route=%2Fwp%2Fv2%2Ftags&post=1178"}],"curies":[{"name":"wp","href":"https:\/\/api.w.org\/{rel}","templated":true}]}}