{"id":1071,"date":"2021-06-26T19:41:56","date_gmt":"2021-06-26T18:41:56","guid":{"rendered":"https:\/\/ambulanz.kunststelle.de\/?p=1071"},"modified":"2023-12-31T20:39:23","modified_gmt":"2023-12-31T19:39:23","slug":"verschollene-stimmen","status":"publish","type":"post","link":"https:\/\/ambulanz.kunststelle.de\/?p=1071","title":{"rendered":"Verschollene Stimmen &#8211; art to believe (Braunschweig, St. Magni, BBK Braunschweig)"},"content":{"rendered":"\n<p>im Rahmen des Ausstellungsprojekts &#8222;art to believe&#8220;; Ausschreibung des BBK Braunschweigs<br \/>Ausstellung in St. Magni, Braunschweig (Magniviertel)<br \/>26.06.-10.10.2021<\/p>\n\n\n\n<p><strong>\u201eVerschollene Stimmen\u201c <span class=\"has-inline-color has-vivid-red-color\">|<\/span> Kontext<\/strong><br \/>Der \u201eRufer\u201c auf St. Magni von Bodo Kampmann bleibt stimmlos, zwei Glocken \u2013 die Schosselglocke, Gussjahr 1630, 58 kg, Ton fis\u2032\u2032 sowie die Schandelglocke, Gussjahr 1445, 23 kg, Ton fis\u2032\u2032 \u2013 sind nicht mehr zu h\u00f6ren.<br \/>Verstummen ist der Ansatz der Arbeit und das Wiedererklingen der Umgebung, die zu oft unh\u00f6rbar und unbewusst vorhanden ist.<\/p>\n\n\n\n<p>Hier setzt die Arbeit an:<br \/>Aus einem Fenster und unter dem \u201eRufer\u201c ist ein Mikrofon installiert, das z.B. bei einem Windsto\u00df, Vogelgezwitscher, Flugzeugl\u00e4rm etc. einen Impuls an eine Mechanik sendet, die die Schandelglocke anschl\u00e4gt, die zu diesem Zweck in den Altarbereich von St. Magni gestellt wurde.<br \/>Diese Glockenschl\u00e4ge finden nicht zu vorprogrammierten Zeiten, wie in der Kirche zu Lithurgien und zu festgesetzten Zeiten \u00fcblich, statt, sondern folgen den \u201eStimmen\u201c des Zufalls \u2013 oder anders ausgedr\u00fcckt und interpretiert: den Stimmen der Unverf\u00fcgbarkeit.<\/p>\n\n\n\n<p>Solche Unverf\u00fcgbarkeit ist nach Hartmut Rosa (Resonanz. Eine Soziologie der Weltbeziehung, 2016) sowie im Sinne der Actor-Network-Theory von Bruno Laour (Eine neue Soziologie f\u00fcr eine neue Gesellschaft, 2010) eben gekoppelt auch an Dinge, die eine Auswirkung auf gesellschaftliche Zusammenhalte haben.<\/p>\n\n\n\n<p>Verschollene Stimmen wie die des Rufers oder die der stummen Glocken zum unverf\u00fcgbaren, da nicht in der Hand der Menschen liegenden Lebens zu erwecken, ist Ansinnen der Installation.<\/p>\n\n\n\n<figure class=\"wp-block-image size-large\"><img loading=\"lazy\" decoding=\"async\" width=\"4000\" height=\"3003\" src=\"https:\/\/ambulanz.kunststelle.de\/wp-content\/uploads\/IMG_20210621_171329-4000x3003.jpg\" alt=\"\" class=\"wp-image-1072\" srcset=\"https:\/\/ambulanz.kunststelle.de\/wp-content\/uploads\/IMG_20210621_171329-4000x3003.jpg 4000w, https:\/\/ambulanz.kunststelle.de\/wp-content\/uploads\/IMG_20210621_171329-300x225.jpg 300w, https:\/\/ambulanz.kunststelle.de\/wp-content\/uploads\/IMG_20210621_171329-768x577.jpg 768w, https:\/\/ambulanz.kunststelle.de\/wp-content\/uploads\/IMG_20210621_171329-1536x1153.jpg 1536w, https:\/\/ambulanz.kunststelle.de\/wp-content\/uploads\/IMG_20210621_171329-2048x1538.jpg 2048w\" sizes=\"auto, (max-width: 4000px) 100vw, 4000px\" \/><figcaption class=\"wp-element-caption\">Verschollene Stimmen, 2021, Installationsansicht Altarbereich St. Magni, Schandelglocke (Foto: J.Georg Brandt)<\/figcaption><\/figure>\n\n\n\n<p><\/p>\n\n\n\n<figure class=\"wp-block-image size-large\"><img loading=\"lazy\" decoding=\"async\" width=\"1920\" height=\"2560\" src=\"https:\/\/ambulanz.kunststelle.de\/wp-content\/uploads\/IMG_20210621_171345-scaled.jpg\" alt=\"\" class=\"wp-image-1073\" srcset=\"https:\/\/ambulanz.kunststelle.de\/wp-content\/uploads\/IMG_20210621_171345-scaled.jpg 1920w, https:\/\/ambulanz.kunststelle.de\/wp-content\/uploads\/IMG_20210621_171345-225x300.jpg 225w, https:\/\/ambulanz.kunststelle.de\/wp-content\/uploads\/IMG_20210621_171345-768x1024.jpg 768w, https:\/\/ambulanz.kunststelle.de\/wp-content\/uploads\/IMG_20210621_171345-1152x1536.jpg 1152w, https:\/\/ambulanz.kunststelle.de\/wp-content\/uploads\/IMG_20210621_171345-1536x2048.jpg 1536w\" sizes=\"auto, (max-width: 1920px) 100vw, 1920px\" \/><figcaption class=\"wp-element-caption\">Verschollene Stimmen, 2021, Installationsansicht Altarbereich St. Magni, Schandelglocke (Foto: J.Georg Brandt)<\/figcaption><\/figure>\n\n\n\n<p><\/p>\n\n\n\n<figure class=\"wp-block-video\"><video height=\"2160\" style=\"aspect-ratio: 3840 \/ 2160;\" width=\"3840\" controls src=\"http:\/\/ambulanz.kunststelle.de\/wp-content\/uploads\/VID_20210621_171409.mp4\"><\/video><figcaption class=\"wp-element-caption\">Verschollene Stimmen, 2021, Installationsansicht Altarbereich St. Magni, Schandelglocke (Video: J.Georg Brandt)<\/figcaption><\/figure>\n\n\n\n<p><\/p>\n\n\n\n<figure class=\"wp-block-image size-large\"><img loading=\"lazy\" decoding=\"async\" width=\"1920\" height=\"2560\" src=\"https:\/\/ambulanz.kunststelle.de\/wp-content\/uploads\/IMG_20210621_140833-scaled.jpg\" alt=\"\" class=\"wp-image-1074\" srcset=\"https:\/\/ambulanz.kunststelle.de\/wp-content\/uploads\/IMG_20210621_140833-scaled.jpg 1920w, https:\/\/ambulanz.kunststelle.de\/wp-content\/uploads\/IMG_20210621_140833-225x300.jpg 225w, https:\/\/ambulanz.kunststelle.de\/wp-content\/uploads\/IMG_20210621_140833-768x1024.jpg 768w, https:\/\/ambulanz.kunststelle.de\/wp-content\/uploads\/IMG_20210621_140833-1152x1536.jpg 1152w, https:\/\/ambulanz.kunststelle.de\/wp-content\/uploads\/IMG_20210621_140833-1536x2048.jpg 1536w\" sizes=\"auto, (max-width: 1920px) 100vw, 1920px\" \/><figcaption class=\"wp-element-caption\">Verschollene Stimmen, 2021, Installationsansicht Dach St. Magni, Mikrofon durch Fenster unter dem &#8222;Rufer&#8220; von Bodo Kampmann (Foto: J.Georg Brandt)<\/figcaption><\/figure>\n\n\n\n<p><\/p>\n\n\n\n<div class=\"wp-block-file\"><a id=\"wp-block-file--media-a9dcc7c4-c2ca-45f6-9474-0e056e9e0af5\" href=\"https:\/\/ambulanz.kunststelle.de\/wp-content\/uploads\/art_to_believe_verschollene_stimmen_webseite.pdf\" target=\"_blank\" rel=\"noreferrer noopener\">art_to_believe_verschollene_stimmen_webseite<br \/>Konzept als PDF<br \/><\/a><a href=\"https:\/\/ambulanz.kunststelle.de\/wp-content\/uploads\/art_to_believe_verschollene_stimmen_webseite.pdf\" class=\"wp-block-file__button wp-element-button\" download aria-describedby=\"wp-block-file--media-a9dcc7c4-c2ca-45f6-9474-0e056e9e0af5\">Herunterladen<\/a><\/div>\n\n\n\n<div class=\"wp-block-file\"><a id=\"wp-block-file--media-23c68c53-3114-42cf-bebe-92b7c09eeb33\" href=\"https:\/\/ambulanz.kunststelle.de\/wp-content\/uploads\/art_to_believe_webflyer.jpeg\" target=\"_blank\" rel=\"noreferrer noopener\">art_to_believe_webflyer<br \/>Webflyer des BBK Braunschweig<br \/><\/a><a href=\"https:\/\/ambulanz.kunststelle.de\/wp-content\/uploads\/art_to_believe_webflyer.jpeg\" class=\"wp-block-file__button wp-element-button\" download aria-describedby=\"wp-block-file--media-23c68c53-3114-42cf-bebe-92b7c09eeb33\">Herunterladen<\/a><\/div>\n\n\n\n<p><a href=\"https:\/\/www.kunsthausbbk.de\/art-to-believe-2021\/\" target=\"_blank\" rel=\"noreferrer noopener\">www.kunsthausbbk.de<\/a><br \/>Webseite mit weiteren Informationen zum Ausstellungsprojekt &#8222;art to believe&#8220;<\/p>\n\n\n\n<p>BBK Braunschweig &#8211; art to believe auf Instagramm:<br \/><a href=\"https:\/\/www.instagram.com\/p\/CUPux2RFfdv\/\" target=\"_blank\" rel=\"noreferrer noopener\">https:\/\/www.instagram.com\/p\/CUPux2RFfdv\/<\/a><\/p>\n","protected":false},"excerpt":{"rendered":"<p>im Rahmen des Ausstellungsprojekts &#8222;art to believe&#8220;; Ausschreibung des BBK BraunschweigsAusstellung in St. Magni, Braunschweig (Magniviertel)26.06.-10.10.2021 \u201eVerschollene Stimmen\u201c | KontextDer \u201eRufer\u201c auf St. Magni von Bodo Kampmann bleibt stimmlos, zwei Glocken \u2013 die Schosselglocke, Gussjahr 1630, 58 kg, Ton fis\u2032\u2032 sowie die Schandelglocke, Gussjahr 1445, 23 kg, Ton fis\u2032\u2032 \u2013 sind nicht mehr zu h\u00f6ren.Verstummen&#8230;<\/p>\n","protected":false},"author":1,"featured_media":0,"comment_status":"closed","ping_status":"closed","sticky":false,"template":"","format":"standard","meta":{"footnotes":""},"categories":[34,15,47,4,28,38,37,39,59,8,48,45,3,58],"tags":[],"class_list":["post-1071","post","type-post","status-publish","format-standard","hentry","category-actor-network-theory-latour","category-atmosphere","category-dritter-raum","category-drittes-moment","category-in-den-himmel-spricht","category-inframince","category-infrastruktur","category-infrathin","category-kontingenz","category-oeffentlichlichkeit","category-offentliche-angelegenheiten","category-offentliche-raume","category-third-space","category-unverfuegbarkeit"],"_links":{"self":[{"href":"https:\/\/ambulanz.kunststelle.de\/index.php?rest_route=\/wp\/v2\/posts\/1071","targetHints":{"allow":["GET"]}}],"collection":[{"href":"https:\/\/ambulanz.kunststelle.de\/index.php?rest_route=\/wp\/v2\/posts"}],"about":[{"href":"https:\/\/ambulanz.kunststelle.de\/index.php?rest_route=\/wp\/v2\/types\/post"}],"author":[{"embeddable":true,"href":"https:\/\/ambulanz.kunststelle.de\/index.php?rest_route=\/wp\/v2\/users\/1"}],"replies":[{"embeddable":true,"href":"https:\/\/ambulanz.kunststelle.de\/index.php?rest_route=%2Fwp%2Fv2%2Fcomments&post=1071"}],"version-history":[{"count":9,"href":"https:\/\/ambulanz.kunststelle.de\/index.php?rest_route=\/wp\/v2\/posts\/1071\/revisions"}],"predecessor-version":[{"id":1235,"href":"https:\/\/ambulanz.kunststelle.de\/index.php?rest_route=\/wp\/v2\/posts\/1071\/revisions\/1235"}],"wp:attachment":[{"href":"https:\/\/ambulanz.kunststelle.de\/index.php?rest_route=%2Fwp%2Fv2%2Fmedia&parent=1071"}],"wp:term":[{"taxonomy":"category","embeddable":true,"href":"https:\/\/ambulanz.kunststelle.de\/index.php?rest_route=%2Fwp%2Fv2%2Fcategories&post=1071"},{"taxonomy":"post_tag","embeddable":true,"href":"https:\/\/ambulanz.kunststelle.de\/index.php?rest_route=%2Fwp%2Fv2%2Ftags&post=1071"}],"curies":[{"name":"wp","href":"https:\/\/api.w.org\/{rel}","templated":true}]}}