{"id":441,"date":"2017-04-02T14:33:42","date_gmt":"2017-04-02T13:33:42","guid":{"rendered":"http:\/\/ambulanz.kunststelle.de\/?p=441"},"modified":"2021-01-22T08:11:49","modified_gmt":"2021-01-22T07:11:49","slug":"passstelle-passbildbeschau-offentlicher-raume","status":"publish","type":"post","link":"https:\/\/ambulanz.kunststelle.de\/?p=441","title":{"rendered":"Passstelle &#8211; Passbildbeschau"},"content":{"rendered":"<p><strong>Passstelle &#8211; Passbildbeschau \u00d6ffentlicher R\u00e4ume<\/strong><\/p>\n<p>Passbilderstellung, Absperrvorrichtungen, &#8222;Haltungsvorschl\u00e4ge&#8220;<\/p>\n<figure id=\"attachment_446\" aria-describedby=\"caption-attachment-446\" style=\"width: 300px\" class=\"wp-caption aligncenter\"><a href=\"http:\/\/ambulanz.kunststelle.de\/?attachment_id=446\" rel=\"attachment wp-att-446\"><img loading=\"lazy\" decoding=\"async\" class=\"size-medium wp-image-446\" title=\"Passbildbeschau \u00d6ffentlicher R\u00e4ume - Fotomustertafel von Kunststelle\" src=\"http:\/\/ambulanz.kunststelle.de\/wp-content\/uploads\/schablone_kulturkasse_monalisa_dia_9cm-300x256.jpg\" alt=\"\" width=\"300\" height=\"256\" \/><\/a><figcaption id=\"caption-attachment-446\" class=\"wp-caption-text\">Passbildbeschau \u00d6ffentlicher R\u00e4ume &#8211; Fotomustertafel von Kunststelle (J.Georg Brandt)<\/figcaption><\/figure>\n<p style=\"text-align: center;\">\n<figure id=\"attachment_444\" aria-describedby=\"caption-attachment-444\" style=\"width: 225px\" class=\"wp-caption aligncenter\"><a href=\"http:\/\/ambulanz.kunststelle.de\/?attachment_id=444\" rel=\"attachment wp-att-444\"><img loading=\"lazy\" decoding=\"async\" class=\"size-medium wp-image-444 \" title=\"Passstelle - Passbildbeschau \u00d6ffentlicher R\u00e4ume - Karte (Vorderseite)\" src=\"http:\/\/ambulanz.kunststelle.de\/wp-content\/uploads\/passbildbeschau_karte_s1_300dpi-225x300.jpg\" alt=\"\" width=\"225\" height=\"300\" srcset=\"https:\/\/ambulanz.kunststelle.de\/wp-content\/uploads\/passbildbeschau_karte_s1_300dpi-225x300.jpg 225w, https:\/\/ambulanz.kunststelle.de\/wp-content\/uploads\/passbildbeschau_karte_s1_300dpi.jpg 1242w\" sizes=\"auto, (max-width: 225px) 100vw, 225px\" \/><\/a><figcaption id=\"caption-attachment-444\" class=\"wp-caption-text\">Passstelle &#8211; Passbildbeschau \u00d6ffentlicher R\u00e4ume &#8211; Karte (Vorderseite)<\/figcaption><\/figure>\n<figure id=\"attachment_445\" aria-describedby=\"caption-attachment-445\" style=\"width: 225px\" class=\"wp-caption aligncenter\"><a href=\"http:\/\/ambulanz.kunststelle.de\/?attachment_id=445\" rel=\"attachment wp-att-445\"><img loading=\"lazy\" decoding=\"async\" class=\"size-medium wp-image-445\" title=\"Passbildbeschau \u00d6ffentlicher R\u00e4ume - Karte (R\u00fcckseite)\" src=\"http:\/\/ambulanz.kunststelle.de\/wp-content\/uploads\/passbildbeschau_karte_s2_300dpi-225x300.jpg\" alt=\"\" width=\"225\" height=\"300\" srcset=\"https:\/\/ambulanz.kunststelle.de\/wp-content\/uploads\/passbildbeschau_karte_s2_300dpi-225x300.jpg 225w, https:\/\/ambulanz.kunststelle.de\/wp-content\/uploads\/passbildbeschau_karte_s2_300dpi.jpg 1242w\" sizes=\"auto, (max-width: 225px) 100vw, 225px\" \/><\/a><figcaption id=\"caption-attachment-445\" class=\"wp-caption-text\">Passbildbeschau \u00d6ffentlicher R\u00e4ume &#8211; Karte (R\u00fcckseite)<\/figcaption><\/figure>\n<figure id=\"attachment_443\" aria-describedby=\"caption-attachment-443\" style=\"width: 224px\" class=\"wp-caption aligncenter\"><a href=\"http:\/\/ambulanz.kunststelle.de\/?attachment_id=443\" rel=\"attachment wp-att-443\"><img loading=\"lazy\" decoding=\"async\" class=\"size-medium wp-image-443\" title=\"Passbildbeschau \u00d6ffentlicher R\u00e4ume - Installationsansicht\" src=\"http:\/\/ambulanz.kunststelle.de\/wp-content\/uploads\/passbildbeschau_inst3_300dpi_bearb-224x300.jpg\" alt=\"\" width=\"224\" height=\"300\" \/><\/a><figcaption id=\"caption-attachment-443\" class=\"wp-caption-text\">Passbildbeschau \u00d6ffentlicher R\u00e4ume &#8211; Installationsansicht (Foto: J.Georg Brandt)<\/figcaption><\/figure>\n<figure id=\"attachment_442\" aria-describedby=\"caption-attachment-442\" style=\"width: 135px\" class=\"wp-caption aligncenter\"><a href=\"http:\/\/ambulanz.kunststelle.de\/?attachment_id=442\" rel=\"attachment wp-att-442\"><img loading=\"lazy\" decoding=\"async\" class=\"size-medium wp-image-442\" title=\"Passbildbeschau \u00d6ffentlicher R\u00e4ume - Fotomustertafel der Beh\u00f6rden\" src=\"http:\/\/ambulanz.kunststelle.de\/wp-content\/uploads\/pass_fotomustertafel_dina4-135x300.jpg\" alt=\"\" width=\"135\" height=\"300\" srcset=\"https:\/\/ambulanz.kunststelle.de\/wp-content\/uploads\/pass_fotomustertafel_dina4-135x300.jpg 135w, https:\/\/ambulanz.kunststelle.de\/wp-content\/uploads\/pass_fotomustertafel_dina4.jpg 718w\" sizes=\"auto, (max-width: 135px) 100vw, 135px\" \/><\/a><figcaption id=\"caption-attachment-442\" class=\"wp-caption-text\">Passbildbeschau \u00d6ffentlicher R\u00e4ume &#8211; Fotomustertafel der Beh\u00f6rden<\/figcaption><\/figure>\n","protected":false},"excerpt":{"rendered":"<p>Passstelle &#8211; Passbildbeschau \u00d6ffentlicher R\u00e4ume Passbilderstellung, Absperrvorrichtungen, &#8222;Haltungsvorschl\u00e4ge&#8220;<\/p>\n","protected":false},"author":1,"featured_media":0,"comment_status":"closed","ping_status":"closed","sticky":false,"template":"","format":"standard","meta":{"footnotes":""},"categories":[34,8,48,45,30,33],"tags":[50,10,13,12,29,23,49],"class_list":["post-441","post","type-post","status-publish","format-standard","hentry","category-actor-network-theory-latour","category-oeffentlichlichkeit","category-offentliche-angelegenheiten","category-offentliche-raume","category-re-occupation-2","category-zahlbar-machen-ranciere","tag-actor-network-theory-latour","tag-liquid-public","tag-offentliche-angelegenheiten","tag-offentliche-raume","tag-re-occupation","tag-uberwachung","tag-zahlbar-machen-ranciere"],"_links":{"self":[{"href":"https:\/\/ambulanz.kunststelle.de\/index.php?rest_route=\/wp\/v2\/posts\/441","targetHints":{"allow":["GET"]}}],"collection":[{"href":"https:\/\/ambulanz.kunststelle.de\/index.php?rest_route=\/wp\/v2\/posts"}],"about":[{"href":"https:\/\/ambulanz.kunststelle.de\/index.php?rest_route=\/wp\/v2\/types\/post"}],"author":[{"embeddable":true,"href":"https:\/\/ambulanz.kunststelle.de\/index.php?rest_route=\/wp\/v2\/users\/1"}],"replies":[{"embeddable":true,"href":"https:\/\/ambulanz.kunststelle.de\/index.php?rest_route=%2Fwp%2Fv2%2Fcomments&post=441"}],"version-history":[{"count":7,"href":"https:\/\/ambulanz.kunststelle.de\/index.php?rest_route=\/wp\/v2\/posts\/441\/revisions"}],"predecessor-version":[{"id":1044,"href":"https:\/\/ambulanz.kunststelle.de\/index.php?rest_route=\/wp\/v2\/posts\/441\/revisions\/1044"}],"wp:attachment":[{"href":"https:\/\/ambulanz.kunststelle.de\/index.php?rest_route=%2Fwp%2Fv2%2Fmedia&parent=441"}],"wp:term":[{"taxonomy":"category","embeddable":true,"href":"https:\/\/ambulanz.kunststelle.de\/index.php?rest_route=%2Fwp%2Fv2%2Fcategories&post=441"},{"taxonomy":"post_tag","embeddable":true,"href":"https:\/\/ambulanz.kunststelle.de\/index.php?rest_route=%2Fwp%2Fv2%2Ftags&post=441"}],"curies":[{"name":"wp","href":"https:\/\/api.w.org\/{rel}","templated":true}]}}