{"id":577,"date":"2017-08-27T18:42:51","date_gmt":"2017-08-27T17:42:51","guid":{"rendered":"http:\/\/ambulanz.kunststelle.de\/?p=577"},"modified":"2021-01-22T08:06:20","modified_gmt":"2021-01-22T07:06:20","slug":"klangzugange-funkgeratekonzert","status":"publish","type":"post","link":"https:\/\/ambulanz.kunststelle.de\/?p=577","title":{"rendered":"Klangzug\u00e4nge &#8211; Funkger\u00e4tekonzert"},"content":{"rendered":"<p><strong>Klangzug\u00e4nge<\/strong><\/p>\n<p>Klanginstallation und Funkger\u00e4tekonzert im Fu\u00dfg\u00e4ngerdurchgang des Burgtors in L\u00fcbeck w\u00e4hrend der Museumsnacht in L\u00fcbeck am 26. 8. 2017<br \/>\nKooperation zwischen L\u00fcbeck und Nowgorod, Russland, mit Irina Makarowa, Andrej Wassiljew (Klangaufnahmen aus Nowgorod) und J.Georg Brandt (Konzept und Funkger\u00e4tekonzert)<\/p>\n<figure id=\"attachment_578\" aria-describedby=\"caption-attachment-578\" style=\"width: 300px\" class=\"wp-caption aligncenter\"><a href=\"http:\/\/ambulanz.kunststelle.de\/wp-content\/uploads\/SAM_3219_bearb_web.jpg\"><img loading=\"lazy\" decoding=\"async\" class=\"size-medium wp-image-578\" title=\"SAM_3219_bearb_web\" src=\"http:\/\/ambulanz.kunststelle.de\/wp-content\/uploads\/SAM_3219_bearb_web-300x225.jpg\" alt=\"\" width=\"300\" height=\"225\" srcset=\"https:\/\/ambulanz.kunststelle.de\/wp-content\/uploads\/SAM_3219_bearb_web-300x225.jpg 300w, https:\/\/ambulanz.kunststelle.de\/wp-content\/uploads\/SAM_3219_bearb_web.jpg 850w\" sizes=\"auto, (max-width: 300px) 100vw, 300px\" \/><\/a><figcaption id=\"caption-attachment-578\" class=\"wp-caption-text\">Klangzug\u00e4nge &#8211; Museumsnacht L\u00fcbeck 2017 &#8211; Funkger\u00e4tekonzert (Foto: J.Georg Brandt)<\/figcaption><\/figure>\n<p>Kl\u00e4nge aus Nowgorod gemischt mit Klangaufnahmen der Besucher*innen &#8211; Konzert mit Funkger\u00e4ten, Lautsprecher und Audiorecorder,\u00a0Zumischungen von Kl\u00e4ngen vor Ort und Funkst\u00f6rungen von J.Georg Brandt<\/p>\n<p>In der Museumsnacht in L\u00fcbeck am 26. August 2017 war eine Klanginstallation und ein Funkger\u00e4tekonzert in einem Fu\u00dfg\u00e4ngerdurchgang des Burgtors &#8211; mit Klangaufnahmen aus Nowgorod, das zur Zeit der Hanse eine sehr enge Beziehung zu L\u00fcbeck hatte &#8211; zu sehen und zu h\u00f6ren.<br \/>\nIn Zeiten der Globalisierung, die schon im 14. Jahrhundert \u00fcblich war, und in Zeiten von Feindbildern und Sanktionen scheint eine auf die St\u00f6rungen, allerdings auch auf die m\u00f6gliche Kommunikation aufmerksam machende Position notwendig.<br \/>\nDie Kl\u00e4nge aus Nowgorod werden verzerrt \u00fcber Funkger\u00e4te in den Fu\u00dfg\u00e4ngerdurchgang des Burgtors eingespielt &#8211; mit den entsprechenden und beabsichtigten St\u00f6rungen, die die Funk\u00fcbertragung mit sich bringt &#8211; und mit aktuellen Sounds vom Burgtor gemischt.<\/p>\n<p>Eigene Aufnahmen der Besucherinnen und Besucher von ihnen wichtigen Orten k\u00f6nnen mit den Kl\u00e4ngen vor Ort gemischt werden.<\/p>\n<p><strong>Hintergrund<\/strong><\/p>\n<p>Zur Zeit der Hanse hatte L\u00fcbeck eine enge Beziehung zu Nowgorod und betrieb dort ein Kontor. Die Kl\u00e4nge sind dort entstanden, wo dieses Kontor einst stand und werden mittels Funkger\u00e4ten eingespielt, was zu beabsichtigten St\u00f6rungenf\u00fchrt.<br \/>\nDiese erinnern an St\u00f6rungen der Kommunikation in diesen Zeiten, jedoch auch an die M\u00f6glichkeit der Verst\u00e4ndigung.<\/p>\n<figure id=\"attachment_589\" aria-describedby=\"caption-attachment-589\" style=\"width: 225px\" class=\"wp-caption aligncenter\"><a href=\"http:\/\/ambulanz.kunststelle.de\/wp-content\/uploads\/SAM_3211_web.jpg\"><img loading=\"lazy\" decoding=\"async\" class=\"size-medium wp-image-589\" title=\"SAM_3211_web\" src=\"http:\/\/ambulanz.kunststelle.de\/wp-content\/uploads\/SAM_3211_web-225x300.jpg\" alt=\"\" width=\"225\" height=\"300\" srcset=\"https:\/\/ambulanz.kunststelle.de\/wp-content\/uploads\/SAM_3211_web-225x300.jpg 225w, https:\/\/ambulanz.kunststelle.de\/wp-content\/uploads\/SAM_3211_web.jpg 638w\" sizes=\"auto, (max-width: 225px) 100vw, 225px\" \/><\/a><figcaption id=\"caption-attachment-589\" class=\"wp-caption-text\">Klangzug\u00e4nge &#8211; Funkger\u00e4tekonzert (Foto: J.Georg Brandt)<\/figcaption><\/figure>\n<figure id=\"attachment_588\" aria-describedby=\"caption-attachment-588\" style=\"width: 300px\" class=\"wp-caption aligncenter\"><a href=\"http:\/\/ambulanz.kunststelle.de\/wp-content\/uploads\/SAM_3209_web.jpg\"><img loading=\"lazy\" decoding=\"async\" class=\"size-medium wp-image-588\" title=\"SAM_3209_web\" src=\"http:\/\/ambulanz.kunststelle.de\/wp-content\/uploads\/SAM_3209_web-300x225.jpg\" alt=\"\" width=\"300\" height=\"225\" srcset=\"https:\/\/ambulanz.kunststelle.de\/wp-content\/uploads\/SAM_3209_web-300x225.jpg 300w, https:\/\/ambulanz.kunststelle.de\/wp-content\/uploads\/SAM_3209_web.jpg 850w\" sizes=\"auto, (max-width: 300px) 100vw, 300px\" \/><\/a><figcaption id=\"caption-attachment-588\" class=\"wp-caption-text\">Klangzug\u00e4nge &#8211; Funkger\u00e4tekonzert (Foto: J.Georg Brandt)<\/figcaption><\/figure>\n<figure id=\"attachment_587\" aria-describedby=\"caption-attachment-587\" style=\"width: 300px\" class=\"wp-caption aligncenter\"><a href=\"http:\/\/ambulanz.kunststelle.de\/wp-content\/uploads\/SAM_3208_web.jpg\"><img loading=\"lazy\" decoding=\"async\" class=\"size-medium wp-image-587\" title=\"SAM_3208_web\" src=\"http:\/\/ambulanz.kunststelle.de\/wp-content\/uploads\/SAM_3208_web-300x225.jpg\" alt=\"\" width=\"300\" height=\"225\" srcset=\"https:\/\/ambulanz.kunststelle.de\/wp-content\/uploads\/SAM_3208_web-300x225.jpg 300w, https:\/\/ambulanz.kunststelle.de\/wp-content\/uploads\/SAM_3208_web.jpg 850w\" sizes=\"auto, (max-width: 300px) 100vw, 300px\" \/><\/a><figcaption id=\"caption-attachment-587\" class=\"wp-caption-text\">Klangzug\u00e4nge &#8211; Funkger\u00e4tekonzert (Foto: J.Georg Brandt)<\/figcaption><\/figure>\n<figure id=\"attachment_601\" aria-describedby=\"caption-attachment-601\" style=\"width: 300px\" class=\"wp-caption aligncenter\"><a href=\"http:\/\/ambulanz.kunststelle.de\/wp-content\/uploads\/SAM_3231_bearb_web.jpg\"><img loading=\"lazy\" decoding=\"async\" class=\"size-medium wp-image-601\" title=\"SAM_3231_bearb_web\" src=\"http:\/\/ambulanz.kunststelle.de\/wp-content\/uploads\/SAM_3231_bearb_web-300x225.jpg\" alt=\"\" width=\"300\" height=\"225\" srcset=\"https:\/\/ambulanz.kunststelle.de\/wp-content\/uploads\/SAM_3231_bearb_web-300x225.jpg 300w, https:\/\/ambulanz.kunststelle.de\/wp-content\/uploads\/SAM_3231_bearb_web.jpg 850w\" sizes=\"auto, (max-width: 300px) 100vw, 300px\" \/><\/a><figcaption id=\"caption-attachment-601\" class=\"wp-caption-text\">Klangzug\u00e4nge &#8211; Funkger\u00e4tekonzert (Foto: J.Georg Brandt)<\/figcaption><\/figure>\n<figure id=\"attachment_600\" aria-describedby=\"caption-attachment-600\" style=\"width: 225px\" class=\"wp-caption aligncenter\"><a href=\"http:\/\/ambulanz.kunststelle.de\/wp-content\/uploads\/SAM_3230_web.jpg\"><img loading=\"lazy\" decoding=\"async\" class=\"size-medium wp-image-600\" title=\"SAM_3230_web\" src=\"http:\/\/ambulanz.kunststelle.de\/wp-content\/uploads\/SAM_3230_web-225x300.jpg\" alt=\"\" width=\"225\" height=\"300\" srcset=\"https:\/\/ambulanz.kunststelle.de\/wp-content\/uploads\/SAM_3230_web-225x300.jpg 225w, https:\/\/ambulanz.kunststelle.de\/wp-content\/uploads\/SAM_3230_web.jpg 638w\" sizes=\"auto, (max-width: 225px) 100vw, 225px\" \/><\/a><figcaption id=\"caption-attachment-600\" class=\"wp-caption-text\">Klangzug\u00e4nge &#8211; Funkger\u00e4tekonzert (Foto: J.Georg Brandt)<\/figcaption><\/figure>\n<figure id=\"attachment_599\" aria-describedby=\"caption-attachment-599\" style=\"width: 225px\" class=\"wp-caption aligncenter\"><a href=\"http:\/\/ambulanz.kunststelle.de\/wp-content\/uploads\/SAM_3229_web.jpg\"><img loading=\"lazy\" decoding=\"async\" class=\"size-medium wp-image-599\" title=\"SAM_3229_web\" src=\"http:\/\/ambulanz.kunststelle.de\/wp-content\/uploads\/SAM_3229_web-225x300.jpg\" alt=\"\" width=\"225\" height=\"300\" srcset=\"https:\/\/ambulanz.kunststelle.de\/wp-content\/uploads\/SAM_3229_web-225x300.jpg 225w, https:\/\/ambulanz.kunststelle.de\/wp-content\/uploads\/SAM_3229_web.jpg 638w\" sizes=\"auto, (max-width: 225px) 100vw, 225px\" \/><\/a><figcaption id=\"caption-attachment-599\" class=\"wp-caption-text\">Klangzug\u00e4nge &#8211; Funkger\u00e4tekonzert (Foto: J.Georg Brandt)<\/figcaption><\/figure>\n<figure id=\"attachment_596\" aria-describedby=\"caption-attachment-596\" style=\"width: 300px\" class=\"wp-caption aligncenter\"><a href=\"http:\/\/ambulanz.kunststelle.de\/wp-content\/uploads\/SAM_3226_bearb_web.jpg\"><img loading=\"lazy\" decoding=\"async\" class=\"size-medium wp-image-596\" title=\"SAM_3226_bearb_web\" src=\"http:\/\/ambulanz.kunststelle.de\/wp-content\/uploads\/SAM_3226_bearb_web-300x225.jpg\" alt=\"\" width=\"300\" height=\"225\" srcset=\"https:\/\/ambulanz.kunststelle.de\/wp-content\/uploads\/SAM_3226_bearb_web-300x225.jpg 300w, https:\/\/ambulanz.kunststelle.de\/wp-content\/uploads\/SAM_3226_bearb_web.jpg 850w\" sizes=\"auto, (max-width: 300px) 100vw, 300px\" \/><\/a><figcaption id=\"caption-attachment-596\" class=\"wp-caption-text\">Klangzug\u00e4nge &#8211; Funkger\u00e4tekonzert (Foto: J.Georg Brandt)<\/figcaption><\/figure>\n<figure id=\"attachment_595\" aria-describedby=\"caption-attachment-595\" style=\"width: 300px\" class=\"wp-caption aligncenter\"><a href=\"http:\/\/ambulanz.kunststelle.de\/wp-content\/uploads\/SAM_3225_bearb_web.jpg\"><img loading=\"lazy\" decoding=\"async\" class=\"size-medium wp-image-595\" title=\"SAM_3225_bearb_web\" src=\"http:\/\/ambulanz.kunststelle.de\/wp-content\/uploads\/SAM_3225_bearb_web-300x225.jpg\" alt=\"\" width=\"300\" height=\"225\" srcset=\"https:\/\/ambulanz.kunststelle.de\/wp-content\/uploads\/SAM_3225_bearb_web-300x225.jpg 300w, https:\/\/ambulanz.kunststelle.de\/wp-content\/uploads\/SAM_3225_bearb_web.jpg 850w\" sizes=\"auto, (max-width: 300px) 100vw, 300px\" \/><\/a><figcaption id=\"caption-attachment-595\" class=\"wp-caption-text\">Klangzug\u00e4nge &#8211; Funkger\u00e4tekonzert (Foto: J.Georg Brandt)<\/figcaption><\/figure>\n<figure id=\"attachment_594\" aria-describedby=\"caption-attachment-594\" style=\"width: 300px\" class=\"wp-caption aligncenter\"><a href=\"http:\/\/ambulanz.kunststelle.de\/wp-content\/uploads\/SAM_3224_bearb_web.jpg\"><img loading=\"lazy\" decoding=\"async\" class=\"size-medium wp-image-594\" title=\"SAM_3224_bearb_web\" src=\"http:\/\/ambulanz.kunststelle.de\/wp-content\/uploads\/SAM_3224_bearb_web-300x225.jpg\" alt=\"\" width=\"300\" height=\"225\" srcset=\"https:\/\/ambulanz.kunststelle.de\/wp-content\/uploads\/SAM_3224_bearb_web-300x225.jpg 300w, https:\/\/ambulanz.kunststelle.de\/wp-content\/uploads\/SAM_3224_bearb_web.jpg 850w\" sizes=\"auto, (max-width: 300px) 100vw, 300px\" \/><\/a><figcaption id=\"caption-attachment-594\" class=\"wp-caption-text\">Klangzug\u00e4nge &#8211; Funkger\u00e4tekonzert (Foto: J.Georg Brandt)<\/figcaption><\/figure>\n<figure id=\"attachment_593\" aria-describedby=\"caption-attachment-593\" style=\"width: 300px\" class=\"wp-caption aligncenter\"><a href=\"http:\/\/ambulanz.kunststelle.de\/wp-content\/uploads\/SAM_3220_bearb_web.jpg\"><img loading=\"lazy\" decoding=\"async\" class=\"size-medium wp-image-593\" title=\"SAM_3220_bearb_web\" src=\"http:\/\/ambulanz.kunststelle.de\/wp-content\/uploads\/SAM_3220_bearb_web-300x225.jpg\" alt=\"\" width=\"300\" height=\"225\" srcset=\"https:\/\/ambulanz.kunststelle.de\/wp-content\/uploads\/SAM_3220_bearb_web-300x225.jpg 300w, https:\/\/ambulanz.kunststelle.de\/wp-content\/uploads\/SAM_3220_bearb_web.jpg 850w\" sizes=\"auto, (max-width: 300px) 100vw, 300px\" \/><\/a><figcaption id=\"caption-attachment-593\" class=\"wp-caption-text\">Klangzug\u00e4nge &#8211; Funkger\u00e4tekonzert (Foto: J.Georg Brandt)<\/figcaption><\/figure>\n<figure id=\"attachment_592\" aria-describedby=\"caption-attachment-592\" style=\"width: 225px\" class=\"wp-caption aligncenter\"><a href=\"http:\/\/ambulanz.kunststelle.de\/wp-content\/uploads\/SAM_3217_bearb_web.jpg\"><img loading=\"lazy\" decoding=\"async\" class=\"size-medium wp-image-592\" title=\"SAM_3217_bearb_web\" src=\"http:\/\/ambulanz.kunststelle.de\/wp-content\/uploads\/SAM_3217_bearb_web-225x300.jpg\" alt=\"\" width=\"225\" height=\"300\" srcset=\"https:\/\/ambulanz.kunststelle.de\/wp-content\/uploads\/SAM_3217_bearb_web-225x300.jpg 225w, https:\/\/ambulanz.kunststelle.de\/wp-content\/uploads\/SAM_3217_bearb_web.jpg 638w\" sizes=\"auto, (max-width: 225px) 100vw, 225px\" \/><\/a><figcaption id=\"caption-attachment-592\" class=\"wp-caption-text\">Klangzug\u00e4nge &#8211; Funkger\u00e4tekonzert (Foto: J.Georg Brandt)<\/figcaption><\/figure>\n<figure id=\"attachment_591\" aria-describedby=\"caption-attachment-591\" style=\"width: 300px\" class=\"wp-caption aligncenter\"><a href=\"http:\/\/ambulanz.kunststelle.de\/wp-content\/uploads\/SAM_3214_bearb_web.jpg\"><img loading=\"lazy\" decoding=\"async\" class=\"size-medium wp-image-591\" title=\"SAM_3214_bearb_web\" src=\"http:\/\/ambulanz.kunststelle.de\/wp-content\/uploads\/SAM_3214_bearb_web-300x225.jpg\" alt=\"\" width=\"300\" height=\"225\" srcset=\"https:\/\/ambulanz.kunststelle.de\/wp-content\/uploads\/SAM_3214_bearb_web-300x225.jpg 300w, https:\/\/ambulanz.kunststelle.de\/wp-content\/uploads\/SAM_3214_bearb_web.jpg 850w\" sizes=\"auto, (max-width: 300px) 100vw, 300px\" \/><\/a><figcaption id=\"caption-attachment-591\" class=\"wp-caption-text\">Klangzug\u00e4nge &#8211; Funkger\u00e4tekonzert (Foto: J.Georg Brandt)<\/figcaption><\/figure>\n<figure id=\"attachment_590\" aria-describedby=\"caption-attachment-590\" style=\"width: 225px\" class=\"wp-caption aligncenter\"><a href=\"http:\/\/ambulanz.kunststelle.de\/wp-content\/uploads\/SAM_3212_bearb_web.jpg\"><img loading=\"lazy\" decoding=\"async\" class=\"size-medium wp-image-590\" title=\"SAM_3212_bearb_web\" src=\"http:\/\/ambulanz.kunststelle.de\/wp-content\/uploads\/SAM_3212_bearb_web-225x300.jpg\" alt=\"\" width=\"225\" height=\"300\" srcset=\"https:\/\/ambulanz.kunststelle.de\/wp-content\/uploads\/SAM_3212_bearb_web-225x300.jpg 225w, https:\/\/ambulanz.kunststelle.de\/wp-content\/uploads\/SAM_3212_bearb_web.jpg 638w\" sizes=\"auto, (max-width: 225px) 100vw, 225px\" \/><\/a><figcaption id=\"caption-attachment-590\" class=\"wp-caption-text\">Klangzug\u00e4nge &#8211; Funkger\u00e4tekonzert (Foto: J.Georg Brandt)<\/figcaption><\/figure>\n<figure id=\"attachment_578-2\" aria-describedby=\"caption-attachment-578-2\" style=\"width: 300px\" class=\"wp-caption aligncenter\"><a href=\"http:\/\/ambulanz.kunststelle.de\/wp-content\/uploads\/SAM_3219_bearb_web.jpg\"><img loading=\"lazy\" decoding=\"async\" class=\"size-medium wp-image-578\" title=\"SAM_3219_bearb_web\" src=\"http:\/\/ambulanz.kunststelle.de\/wp-content\/uploads\/SAM_3219_bearb_web-300x225.jpg\" alt=\"\" width=\"300\" height=\"225\" srcset=\"https:\/\/ambulanz.kunststelle.de\/wp-content\/uploads\/SAM_3219_bearb_web-300x225.jpg 300w, https:\/\/ambulanz.kunststelle.de\/wp-content\/uploads\/SAM_3219_bearb_web.jpg 850w\" sizes=\"auto, (max-width: 300px) 100vw, 300px\" \/><\/a><figcaption id=\"caption-attachment-578-2\" class=\"wp-caption-text\">Klangzug\u00e4nge &#8211; Museumsnacht L\u00fcbeck 2017 &#8211; Funkger\u00e4tekonzert (Foto: J.Georg Brandt)<\/figcaption><\/figure>\n<figure id=\"attachment_605\" aria-describedby=\"caption-attachment-605\" style=\"width: 211px\" class=\"wp-caption aligncenter\"><a href=\"http:\/\/ambulanz.kunststelle.de\/wp-content\/uploads\/klangzugaenge_postkarte_museumsnacht_2017_s1.jpg\"><img loading=\"lazy\" decoding=\"async\" class=\"size-medium wp-image-605\" title=\"klangzugaenge_postkarte_museumsnacht_2017_s1\" src=\"http:\/\/ambulanz.kunststelle.de\/wp-content\/uploads\/klangzugaenge_postkarte_museumsnacht_2017_s1-211x300.jpg\" alt=\"\" width=\"211\" height=\"300\" srcset=\"https:\/\/ambulanz.kunststelle.de\/wp-content\/uploads\/klangzugaenge_postkarte_museumsnacht_2017_s1-211x300.jpg 211w, https:\/\/ambulanz.kunststelle.de\/wp-content\/uploads\/klangzugaenge_postkarte_museumsnacht_2017_s1.jpg 1216w\" sizes=\"auto, (max-width: 211px) 100vw, 211px\" \/><\/a><figcaption id=\"caption-attachment-605\" class=\"wp-caption-text\">Klangzug\u00e4nge &#8211; Funkger\u00e4tekonzert &#8211; Postkarte Seite 1 (J.Georg Brandt)<\/figcaption><\/figure>\n<figure id=\"attachment_606\" aria-describedby=\"caption-attachment-606\" style=\"width: 211px\" class=\"wp-caption aligncenter\"><a href=\"http:\/\/ambulanz.kunststelle.de\/wp-content\/uploads\/klangzugaenge_postkarte_museumsnacht_2017_s2_sw_und_farbe.jpg\"><img loading=\"lazy\" decoding=\"async\" class=\"size-medium wp-image-606\" title=\"klangzugaenge_postkarte_museumsnacht_2017_s2_sw_und_farbe\" src=\"http:\/\/ambulanz.kunststelle.de\/wp-content\/uploads\/klangzugaenge_postkarte_museumsnacht_2017_s2_sw_und_farbe-211x300.jpg\" alt=\"\" width=\"211\" height=\"300\" srcset=\"https:\/\/ambulanz.kunststelle.de\/wp-content\/uploads\/klangzugaenge_postkarte_museumsnacht_2017_s2_sw_und_farbe-211x300.jpg 211w, https:\/\/ambulanz.kunststelle.de\/wp-content\/uploads\/klangzugaenge_postkarte_museumsnacht_2017_s2_sw_und_farbe.jpg 1216w\" sizes=\"auto, (max-width: 211px) 100vw, 211px\" \/><\/a><figcaption id=\"caption-attachment-606\" class=\"wp-caption-text\">Klangzug\u00e4nge &#8211; Funkger\u00e4tekonzert &#8211; Postkarte Seite 2 (J.Georg Brandt)<\/figcaption><\/figure>\n","protected":false},"excerpt":{"rendered":"<p>Klangzug\u00e4nge Klanginstallation und Funkger\u00e4tekonzert im Fu\u00dfg\u00e4ngerdurchgang des Burgtors in L\u00fcbeck w\u00e4hrend der Museumsnacht in L\u00fcbeck am 26. 8. 2017 Kooperation zwischen L\u00fcbeck und Nowgorod, Russland, mit Irina Makarowa, Andrej Wassiljew (Klangaufnahmen aus Nowgorod) und J.Georg Brandt (Konzept und Funkger\u00e4tekonzert) Kl\u00e4nge aus Nowgorod gemischt mit Klangaufnahmen der Besucher*innen &#8211; Konzert mit Funkger\u00e4ten, Lautsprecher und Audiorecorder,\u00a0Zumischungen von&#8230;<\/p>\n","protected":false},"author":1,"featured_media":0,"comment_status":"closed","ping_status":"closed","sticky":false,"template":"","format":"standard","meta":{"footnotes":""},"categories":[34,15,47,4,8,48,45,30],"tags":[50,24,43,36,11,10,13,12,35,29,46,6,42,49],"class_list":["post-577","post","type-post","status-publish","format-standard","hentry","category-actor-network-theory-latour","category-atmosphere","category-dritter-raum","category-drittes-moment","category-oeffentlichlichkeit","category-offentliche-angelegenheiten","category-offentliche-raume","category-re-occupation-2","tag-actor-network-theory-latour","tag-bote","tag-drittes-moment","tag-funkgerat","tag-hinterland","tag-liquid-public","tag-offentliche-angelegenheiten","tag-offentliche-raume","tag-okonomie","tag-re-occupation","tag-sperrgebiet","tag-tertium-datur","tag-third-space","tag-zahlbar-machen-ranciere"],"_links":{"self":[{"href":"https:\/\/ambulanz.kunststelle.de\/index.php?rest_route=\/wp\/v2\/posts\/577","targetHints":{"allow":["GET"]}}],"collection":[{"href":"https:\/\/ambulanz.kunststelle.de\/index.php?rest_route=\/wp\/v2\/posts"}],"about":[{"href":"https:\/\/ambulanz.kunststelle.de\/index.php?rest_route=\/wp\/v2\/types\/post"}],"author":[{"embeddable":true,"href":"https:\/\/ambulanz.kunststelle.de\/index.php?rest_route=\/wp\/v2\/users\/1"}],"replies":[{"embeddable":true,"href":"https:\/\/ambulanz.kunststelle.de\/index.php?rest_route=%2Fwp%2Fv2%2Fcomments&post=577"}],"version-history":[{"count":18,"href":"https:\/\/ambulanz.kunststelle.de\/index.php?rest_route=\/wp\/v2\/posts\/577\/revisions"}],"predecessor-version":[{"id":1035,"href":"https:\/\/ambulanz.kunststelle.de\/index.php?rest_route=\/wp\/v2\/posts\/577\/revisions\/1035"}],"wp:attachment":[{"href":"https:\/\/ambulanz.kunststelle.de\/index.php?rest_route=%2Fwp%2Fv2%2Fmedia&parent=577"}],"wp:term":[{"taxonomy":"category","embeddable":true,"href":"https:\/\/ambulanz.kunststelle.de\/index.php?rest_route=%2Fwp%2Fv2%2Fcategories&post=577"},{"taxonomy":"post_tag","embeddable":true,"href":"https:\/\/ambulanz.kunststelle.de\/index.php?rest_route=%2Fwp%2Fv2%2Ftags&post=577"}],"curies":[{"name":"wp","href":"https:\/\/api.w.org\/{rel}","templated":true}]}}