{"id":924,"date":"2019-04-12T21:07:26","date_gmt":"2019-04-12T20:07:26","guid":{"rendered":"http:\/\/ambulanz.kunststelle.de\/?p=924"},"modified":"2023-12-31T12:29:18","modified_gmt":"2023-12-31T11:29:18","slug":"promenadologie-im-rahmen-der-ausstellung-social-design","status":"publish","type":"post","link":"https:\/\/ambulanz.kunststelle.de\/?p=924","title":{"rendered":"Promenadologie im Rahmen der Ausstellung &#8222;Social Design&#8220;"},"content":{"rendered":"\n<p>Spaziergang f\u00fcr Besucher*innen der Ausstellung mit F\u00fchrung durch Studierende der Hochschule f\u00fcr Angewandte Wissenschaften Hamburg &#8211; HAW<br \/>Do 16. Mai 2019, 18 Uhr<\/p>\n\n\n\n<figure class=\"wp-block-image\"><img loading=\"lazy\" decoding=\"async\" width=\"4000\" height=\"3000\" src=\"http:\/\/ambulanz.kunststelle.de\/wp-content\/uploads\/IMG_20190516_190527-e1558984169346-4000x3000.jpg\" alt=\"\" class=\"wp-image-934\" srcset=\"https:\/\/ambulanz.kunststelle.de\/wp-content\/uploads\/IMG_20190516_190527-e1558984169346-4000x3000.jpg 4000w, https:\/\/ambulanz.kunststelle.de\/wp-content\/uploads\/IMG_20190516_190527-e1558984169346-300x225.jpg 300w, https:\/\/ambulanz.kunststelle.de\/wp-content\/uploads\/IMG_20190516_190527-e1558984169346-768x576.jpg 768w\" sizes=\"auto, (max-width: 4000px) 100vw, 4000px\" \/><figcaption class=\"wp-element-caption\">Kontextualisierung des Erblickten (Foto: J.Georg Brandt)<\/figcaption><\/figure>\n\n\n\n<p>Ausgehend von einem Theorieimpuls zu \u201eSpaziergehen als forschende Handlung im \u00f6ffentlichen Raum\u201c von J.Georg Brandt (Kultur &#8211; \u00c4sthetik &#8211; Medien am Department Soziale Arbeit der Hochschule f\u00fcr Angewandte Wissenschaften \u2013 HAW) laden Studierende des Departments zu einem gef\u00fchrten Spaziergang durch das urbane Umfeld des MKG ein.<br \/> Theoretische Positionen werden vor Ort erprobt und erm\u00f6glichen neue Blickwinkel auf den \u00f6ffentlichen Raum. Interventionen und Inventionen sind erw\u00fcnscht. Eine kleine Dokumentation wird im Museum f\u00fcr Kunst und Gewerbe entstehen.<\/p>\n\n\n\n<figure class=\"wp-block-image\"><img loading=\"lazy\" decoding=\"async\" width=\"3000\" height=\"4000\" src=\"http:\/\/ambulanz.kunststelle.de\/wp-content\/uploads\/IMG_20190516_182837-e1558984886750-3000x4000.jpg\" alt=\"\" class=\"wp-image-936\" srcset=\"https:\/\/ambulanz.kunststelle.de\/wp-content\/uploads\/IMG_20190516_182837-e1558984886750-3000x4000.jpg 3000w, https:\/\/ambulanz.kunststelle.de\/wp-content\/uploads\/IMG_20190516_182837-e1558984886750-225x300.jpg 225w, https:\/\/ambulanz.kunststelle.de\/wp-content\/uploads\/IMG_20190516_182837-e1558984886750-768x1024.jpg 768w\" sizes=\"auto, (max-width: 3000px) 100vw, 3000px\" \/><figcaption class=\"wp-element-caption\">Kontextualisierung des Erblickten (Foto: J.Georg Brandt)<\/figcaption><\/figure>\n\n\n\n<p>Um neue Einblicke und Zusammenh\u00e4nge zu entdecken und gewohnte Sichtweisen zu verlassen, wurden bei dem Spaziergang &#8222;Filter&#8220; eingesetzt: Einfache Kaffeefilter (der Gr\u00f6\u00dfe 4 &#8230;), die es &#8211; am unteren Ende abgeschnitten &#8211; erlaubten, sowohl einen Ausschnitt zu fokussieren als auch ihn &#8211; anders herum gehalten &#8211; zu kontextualisieren.<\/p>\n\n\n\n<p>Die Beschriftungen wiesen auf die Fokus- und die Kontextseite des Filters hin, w\u00e4hrend das &#8222;Instrument&#8220; als solches benannt in Spiegelschrift geschrieben stand.<\/p>\n\n\n\n<p>Treffpunkt: Museumsfoyer<br \/>Dauer: ca. 120 Minuten, Ticket: 8 Euro (Museumseintritt), keine Anmeldung erforderlich<\/p>\n\n\n\n<p>Zu sehen und mit dem &#8222;Filterwerkzeug&#8220; zu entdecken war auch die Umgebung des Schuppen 6 in L\u00fcbeck zur Jahresschau 2019.<\/p>\n\n\n\n<p><a href=\"https:\/\/ambulanz.kunststelle.de\/wp-content\/uploads\/filterspaziergang_jahresschau_glk_2019_kontextblatt_farbe_email.pdf\" data-type=\"attachment\" data-id=\"956\">Filterinstrument &#8211; Kontextblatt (PDF)<\/a><br \/><\/p>\n\n\n\n<p><a href=\"https:\/\/www.mkg-hamburg.de\/de\/ausstellungen\/aktuell\/social-design.html\"><\/a><\/p>\n","protected":false},"excerpt":{"rendered":"<p>Spaziergang f\u00fcr Besucher*innen der Ausstellung mit F\u00fchrung durch Studierende der Hochschule f\u00fcr Angewandte Wissenschaften Hamburg &#8211; HAWDo 16. Mai 2019, 18 Uhr Ausgehend von einem Theorieimpuls zu \u201eSpaziergehen als forschende Handlung im \u00f6ffentlichen Raum\u201c von J.Georg Brandt (Kultur &#8211; \u00c4sthetik &#8211; Medien am Department Soziale Arbeit der Hochschule f\u00fcr Angewandte Wissenschaften \u2013 HAW) laden Studierende&#8230;<\/p>\n","protected":false},"author":1,"featured_media":0,"comment_status":"closed","ping_status":"closed","sticky":false,"template":"","format":"standard","meta":{"footnotes":""},"categories":[34,15,37,8,48,45,30,31,33],"tags":[],"class_list":["post-924","post","type-post","status-publish","format-standard","hentry","category-actor-network-theory-latour","category-atmosphere","category-infrastruktur","category-oeffentlichlichkeit","category-offentliche-angelegenheiten","category-offentliche-raume","category-re-occupation-2","category-sperrgebiet","category-zahlbar-machen-ranciere"],"_links":{"self":[{"href":"https:\/\/ambulanz.kunststelle.de\/index.php?rest_route=\/wp\/v2\/posts\/924","targetHints":{"allow":["GET"]}}],"collection":[{"href":"https:\/\/ambulanz.kunststelle.de\/index.php?rest_route=\/wp\/v2\/posts"}],"about":[{"href":"https:\/\/ambulanz.kunststelle.de\/index.php?rest_route=\/wp\/v2\/types\/post"}],"author":[{"embeddable":true,"href":"https:\/\/ambulanz.kunststelle.de\/index.php?rest_route=\/wp\/v2\/users\/1"}],"replies":[{"embeddable":true,"href":"https:\/\/ambulanz.kunststelle.de\/index.php?rest_route=%2Fwp%2Fv2%2Fcomments&post=924"}],"version-history":[{"count":10,"href":"https:\/\/ambulanz.kunststelle.de\/index.php?rest_route=\/wp\/v2\/posts\/924\/revisions"}],"predecessor-version":[{"id":1233,"href":"https:\/\/ambulanz.kunststelle.de\/index.php?rest_route=\/wp\/v2\/posts\/924\/revisions\/1233"}],"wp:attachment":[{"href":"https:\/\/ambulanz.kunststelle.de\/index.php?rest_route=%2Fwp%2Fv2%2Fmedia&parent=924"}],"wp:term":[{"taxonomy":"category","embeddable":true,"href":"https:\/\/ambulanz.kunststelle.de\/index.php?rest_route=%2Fwp%2Fv2%2Fcategories&post=924"},{"taxonomy":"post_tag","embeddable":true,"href":"https:\/\/ambulanz.kunststelle.de\/index.php?rest_route=%2Fwp%2Fv2%2Ftags&post=924"}],"curies":[{"name":"wp","href":"https:\/\/api.w.org\/{rel}","templated":true}]}}